{"id":92101,"date":"2012-12-17T15:14:04","date_gmt":"2012-12-17T14:14:04","guid":{"rendered":"http:\/\/www.cronacaonline.it\/public\/content\/index.php\/17\/12\/2012\/diocesi-di-oristano---sedici-ragazzi-del-mali-e-costa-davorio-hanno-sostenuto-presso-il-centro-territoriale-permanente-di-oristano-lesame-di-italiano-di-livello-a1-per-immigrati-impatto"},"modified":"2012-12-17T15:14:04","modified_gmt":"2012-12-17T14:14:04","slug":"diocesi-di-oristano-sedici-ragazzi-del-mali-e-costa-davorio-hanno-sostenuto-presso-il-centro-territoriale-permanente-di-oristano-lesame-di-italiano-di-livello-a1-per-immigrati-impatto","status":"publish","type":"post","link":"https:\/\/www.cronacaonline.it\/index.php\/2012\/12\/17\/diocesi-di-oristano-sedici-ragazzi-del-mali-e-costa-davorio-hanno-sostenuto-presso-il-centro-territoriale-permanente-di-oristano-lesame-di-italiano-di-livello-a1-per-immigrati-impatto\/","title":{"rendered":"Diocesi di Oristano &#8211; Sedici ragazzi del Mali e Costa d\u2019Avorio, hanno sostenuto presso il Centro Territoriale Permanente di Oristano l\u2019esame di italiano di livello A1 per immigrati \u201cimpatto\u201d."},"content":{"rendered":"<p>Il 7 dicembre 2012, 16 ragazzi provenienti da Mali e Costa d\u2019Avorio ospitati dall\u2019agosto <st1:metricconverter w:st=\"on\" ProductID=\"2011 in\">2011 in<\/st1:metricconverter><SPAN style=\"mso-spacerun: yes\">&nbsp; <\/SPAN>un agriturismo di Ula Tirso, hanno sostenuto presso il Centro Territoriale Permanente di Oristano l\u2019esame di italiano di livello A1 per immigrati \u201cimpatto\u201d. L'attestato verr\u00e0 consegnato mercoled\u00ec 19 dicembre nella sede della Caritas Diocesana.<\/p>\n<p>I ragazzi hanno frequentato per oltre<SPAN style=\"mso-spacerun: yes\">&nbsp; <\/SPAN>un anno un corso di lingua italiana tenuto da alcune docenti volontarie presso la Caritas Diocesana Arborense e dal mese di ottobre fino alla data dell\u2019esame hanno seguito le lezioni di preparazione e simulazione alla prova, tenute dalla prof.ssa Marina Serra del Centro Territoriale Permanente di Oristano. La Caritas coglie l\u2019occasione per ringraziare la Prof.ssa Serra per la sua disponibilit\u00e0 e per sottolineare che l\u2019esame di lingua italiana \u00e8 solo un primo passo verso l\u2019integrazione e verso un futuro progetto di vita per i ragazzi.<\/p>\n<p>Tutti giovanissimi, sono fuggiti dal proprio Paese e si sono diretti in Libia in cerca di fortuna, di lavoro e di una vita migliore. Ma la guerra li ha colti di sorpresa e, costretti ad imbarcarsi sono approdati sulle coste di Lampedusa nell\u2019agosto 2011. Al loro arrivo in Italia sono stati inseriti, come migliaia di altri, all\u2019interno del programma della Protezione Civile denominato \u201cEmergenza Nord Africa\u201d e destinati alla nostra provincia nell\u2019attesa che la loro domanda di protezione internazionale venisse esaminata dalla commissione competente. Nel settembre 2012, 12 di loro hanno ricevuto la protezione sussidiaria (che d\u00e0 loro diritto ad un permesso di soggiorno della durata di 3 anni, rinnovabile) mentre a 4 di loro \u00e8 stato riconosciuto lo status di rifugiato (che d\u00e0 diritto ad un permesso di soggiorno della durata di 5 anni e ad una condizione giuridica che li equipara ad un cittadino italiano). Pur essendo in possesso di un regolare permesso di soggiorno, nessuno di loro ha ancora trovato un lavoro, a causa dell\u2019isolamento in cui si sono trovati e delle crescenti difficolt\u00e0 economiche in cui versa la nostra Regione. La situazione si fa drammatica se si pensa che il programma della Protezione Civile si chiuder\u00e0 il 31 dicembre 2012 e, a partire dal 1 gennaio 2013, i ragazzi perderanno il diritto di alloggiare presso l\u2019agriturismo, ritrovandosi, in pieno inverno,<SPAN style=\"mso-spacerun: yes\">&nbsp; <\/SPAN>senza un tetto e senza un lavoro.<\/p>\n<p><SPAN style=\"mso-spacerun: yes\">&nbsp;<\/SPAN>La direttrice e tutti i volontari Caritas Diocesana desiderano fare un appello a quanti \u2013 comuni cittadini o rappresentanti delle istituzioni - ritengano di poter collaborare al fine di trovare una sistemazione abitativa e\/o lavorativa per i ragazzi. <\/p>\n<p>In un momento di crisi profonda come quello che tutti stiamo vivendo, non c\u2019\u00e8 occasione migliore di dimostrare la nostra sensibilit\u00e0 e generosit\u00e0 verso chi \u00e8 meno fortunato di noi e si trova solo in terra straniera. Com-red<\/p>\n","protected":false},"excerpt":{"rendered":"<p>Il 7 dicembre 2012, 16 ragazzi provenienti da Mali e Costa d\u2019Avorio ospitati dall\u2019agosto 2011 in&nbsp; un agriturismo di Ula Tirso, hanno sostenuto presso il&#8230;<\/p>\n","protected":false},"author":2,"featured_media":0,"comment_status":"closed","ping_status":"closed","sticky":false,"template":"","format":"standard","meta":[],"categories":[49],"tags":[],"_links":{"self":[{"href":"https:\/\/www.cronacaonline.it\/index.php\/wp-json\/wp\/v2\/posts\/92101"}],"collection":[{"href":"https:\/\/www.cronacaonline.it\/index.php\/wp-json\/wp\/v2\/posts"}],"about":[{"href":"https:\/\/www.cronacaonline.it\/index.php\/wp-json\/wp\/v2\/types\/post"}],"author":[{"embeddable":true,"href":"https:\/\/www.cronacaonline.it\/index.php\/wp-json\/wp\/v2\/users\/2"}],"replies":[{"embeddable":true,"href":"https:\/\/www.cronacaonline.it\/index.php\/wp-json\/wp\/v2\/comments?post=92101"}],"version-history":[{"count":0,"href":"https:\/\/www.cronacaonline.it\/index.php\/wp-json\/wp\/v2\/posts\/92101\/revisions"}],"wp:attachment":[{"href":"https:\/\/www.cronacaonline.it\/index.php\/wp-json\/wp\/v2\/media?parent=92101"}],"wp:term":[{"taxonomy":"category","embeddable":true,"href":"https:\/\/www.cronacaonline.it\/index.php\/wp-json\/wp\/v2\/categories?post=92101"},{"taxonomy":"post_tag","embeddable":true,"href":"https:\/\/www.cronacaonline.it\/index.php\/wp-json\/wp\/v2\/tags?post=92101"}],"curies":[{"name":"wp","href":"https:\/\/api.w.org\/{rel}","templated":true}]}}