{"id":92073,"date":"2012-12-13T15:14:04","date_gmt":"2012-12-13T14:14:04","guid":{"rendered":"http:\/\/www.cronacaonline.it\/public\/content\/index.php\/13\/12\/2012\/la-petite-messe-solennelle-di-rossini-capolavoro-assoluto-della-musica-sacra-venerdi-14-dicembre-alle-1930-in-cattedrale-a-cagliari"},"modified":"2012-12-13T15:14:04","modified_gmt":"2012-12-13T14:14:04","slug":"la-petite-messe-solennelle-di-rossini-capolavoro-assoluto-della-musica-sacra-venerdi-14-dicembre-alle-1930-in-cattedrale-a-cagliari","status":"publish","type":"post","link":"https:\/\/www.cronacaonline.it\/index.php\/2012\/12\/13\/la-petite-messe-solennelle-di-rossini-capolavoro-assoluto-della-musica-sacra-venerdi-14-dicembre-alle-1930-in-cattedrale-a-cagliari\/","title":{"rendered":"La Petite Messe solennelle di Rossini, capolavoro assoluto della musica sacra, venerd\u00ec 14 dicembre alle 19.30 in Cattedrale a Cagliari"},"content":{"rendered":"<p>Venerd\u00ec 14 dicembre alle 19.30, nella suggestiva cornice della Cattedrale di Santa Maria di Cagliari, \u00e8 stato organizzato un prezioso ed imperdibile appuntamento, con uno dei capolavori assoluti della letteratura sacra ottocentesca: la Petite Messe solennelle per soli, coro due pianoforti e harmonium di Gioachino Rossini (Pesaro, 1792 - Parigi, 1868), nell\u2019esecuzione del Coro del Teatro Lirico, diretto da Marco Faelli.<\/p>\n<p>I ruoli solistici sono affidati al soprano Graziella Ortu, al mezzosoprano Irene Macutan, al tenore Oscar Piras ed al basso Alessandro Frabotta; l\u2019accompagnamento musicale, invece, \u00e8 affidato ad Andrea Mudu e Francesca Pittau (pianoforti) ed a Gaetano Mastroiaco (harmonium).<BR>L'ingresso alla manifestazione, della durata di un\u2019ora e trenta minuti circa, \u00e8 libero.<\/p>\n<p>Lo spettacolo si avvale della collaborazione di: Fondazione Banco di Sardegna, Capitta &amp; Partners. Com<\/p>\n","protected":false},"excerpt":{"rendered":"<p>Venerd\u00ec 14 dicembre alle 19.30, nella suggestiva cornice della Cattedrale di Santa Maria di Cagliari, \u00e8 stato organizzato un prezioso ed imperdibile appuntamento, con uno&#8230;<\/p>\n","protected":false},"author":2,"featured_media":0,"comment_status":"closed","ping_status":"closed","sticky":false,"template":"","format":"standard","meta":[],"categories":[49],"tags":[],"_links":{"self":[{"href":"https:\/\/www.cronacaonline.it\/index.php\/wp-json\/wp\/v2\/posts\/92073"}],"collection":[{"href":"https:\/\/www.cronacaonline.it\/index.php\/wp-json\/wp\/v2\/posts"}],"about":[{"href":"https:\/\/www.cronacaonline.it\/index.php\/wp-json\/wp\/v2\/types\/post"}],"author":[{"embeddable":true,"href":"https:\/\/www.cronacaonline.it\/index.php\/wp-json\/wp\/v2\/users\/2"}],"replies":[{"embeddable":true,"href":"https:\/\/www.cronacaonline.it\/index.php\/wp-json\/wp\/v2\/comments?post=92073"}],"version-history":[{"count":0,"href":"https:\/\/www.cronacaonline.it\/index.php\/wp-json\/wp\/v2\/posts\/92073\/revisions"}],"wp:attachment":[{"href":"https:\/\/www.cronacaonline.it\/index.php\/wp-json\/wp\/v2\/media?parent=92073"}],"wp:term":[{"taxonomy":"category","embeddable":true,"href":"https:\/\/www.cronacaonline.it\/index.php\/wp-json\/wp\/v2\/categories?post=92073"},{"taxonomy":"post_tag","embeddable":true,"href":"https:\/\/www.cronacaonline.it\/index.php\/wp-json\/wp\/v2\/tags?post=92073"}],"curies":[{"name":"wp","href":"https:\/\/api.w.org\/{rel}","templated":true}]}}