{"id":92068,"date":"2012-12-31T15:14:04","date_gmt":"2012-12-31T14:14:04","guid":{"rendered":"http:\/\/www.cronacaonline.it\/public\/content\/index.php\/31\/12\/2012\/parlamentarie-pd-in-sardegna-in-netto-vantaggio-le-quote-rosa-e-sonore-sconfitte-eccellenti"},"modified":"2012-12-31T15:14:04","modified_gmt":"2012-12-31T14:14:04","slug":"parlamentarie-pd-in-sardegna-in-netto-vantaggio-le-quote-rosa-e-sonore-sconfitte-eccellenti","status":"publish","type":"post","link":"https:\/\/www.cronacaonline.it\/index.php\/2012\/12\/31\/parlamentarie-pd-in-sardegna-in-netto-vantaggio-le-quote-rosa-e-sonore-sconfitte-eccellenti\/","title":{"rendered":"Parlamentarie Pd in Sardegna: in netto vantaggio le quote rosa e sonore sconfitte eccellenti."},"content":{"rendered":"<p>Le primarie per la Camera dei Deputati e ed il Senato hanno terremotato a livello sardo e financo nazionale, il partito facendo mancare nomi eccellenti che non volevano mai lasciare il loro scranno che tanti privilegi (solo per schiacciare un bottone) loro indecorosamente assegnati.<\/p>\n<p>Infatti, in Sardegna, quasi tutti i parlamentari uscenti alla prima legislatura non hanno ottenuto (come era prevedibile ed auspicabile) la riconferma. E con l'affermazione di giovani donne sindaco e di dirigenti locali di partito. Ora si \u00e8 aperto un chiaro confronto nel Pd sul risultato delle 'Parlamentarie'.<\/p>\n<p>Hanno vinto i dirigenti di partito pi\u00f9 radicati nel territorio, i consiglieri regionali e i sindaci. Hanno perso i parlamentari uscenti, quelli che in questi anni hanno lavorato tra Roma e la Sardegna, seguendo da posizioni di rilievo nazionale temi delicatissimi: istituzionali (Francesco Sanna), la tutela dei diritti civili e la questione-carceri (Guido Melis). Hanno avuto un notevole successo le donne che ricoprono incarichi amministrativi locali, come nel Cagliaritano il sindaco di Santadi Romina Mura e nel Sassarese quello di Florinas Giovanna Sanna, entrambe vincitrici nei rispettivi collegi.<\/p>\n<p>Il gruppo parlamentare uscente Partito democratico in Sardegna, visti i risultati, sar\u00e0 in gran parte rinnovato dalle Parlamentarie. Un \"rinnovamento\" che far\u00e0 discutere. Perch\u00e9 - con la sola eccezione di Caterina Pes a Oristano (una delle quali non doveva essere riconfermata dal momento che nulla ha fatto per meritarsi tanti privilegi e questa carica) - tutti i parlamentari alla prima legislatura vengono bocciati e non sono riconfermati. Oltre a Guido Melis e a Francesco Sanna, Amalia Schirru e Giulio Calvisi. Quest'ultimo, che evidentemente aveva intuito come si stavano mettendo le cose, alle primarie non si \u00e8 nemmeno presentato (come gi\u00e0, per diversi motivi, Arturo Parisi e Antonello Cabras). Ottengono invece la riconferma parlamentari che, pur essendo formalmente alla prima legislatura parlamentare, hanno alle spalle una lunga storia politica come consiglieri regionali o sindaci: Paolo Fadda (altro nome impresentabile per lo stomaco di tanti) a Cagliari, Giampiero Scanu a Olbia, Siro Marrocu nel Medio Campidano.<\/p>\n<p>Le \"new entry\" sono, oltre a Romina Mura e a Giovanna Sanna, due consiglieri regionali che hanno ottenuto la deroga - Gavino Manca a Sassari e Giuseppe Luigi Cucca a Nuoro - un esponente politico legato alla Lega delle coooperative (Ignazio Angioni, a Cagliari), un segretario provinciale (Emanuele Cani nel Sulcis). Un altro segretario provinciale, Thomas Castangia, a Cagliari, si giocher\u00e0 il posto per il Parlamento con Maria Grazia Dess\u00ec la quale \u00e8 legata alle determinanti le decisioni che saranno assunte dalla segreteria nazionale in tema di riequilibrio tra rappresentanza maschile e femminile. Quindi se sar\u00e0 seguito questo criterio la Dess\u00ec dovrebbe gi\u00e0 trovarsi in Palamento.<\/p>\n<p>Ora si apre il dibattito sulla natura di questo rinnovamento e sugli effetti del regolamento adottato per queste Parlamentarie. In particolare sul fatto che - come auspicato in pi\u00f9 occasioni da Pier Luigi Bersani - abbiano favorito l'apertura del Pd a esponenti, gruppi e associazioni della societ\u00e0 civile. Nelle prime dichiarazioni a caldo il segretario regionale Silvio Lai (che con tutta probabilit\u00e0 completer\u00e0 il gruppo parlamentare isolano come capolista (orrendamente nominato e, quindi, non dovrebbe, stando alla logica del cambiamento un tale regalo visto che non si \u00e8 sottoposto al giudizio degli elettori che egli ha rappresentati per molto tempo in qualit\u00e0 di Segretario regionale essere<SPAN style=\"mso-spacerun: yes\">&nbsp; <\/SPAN>gratificato dalla segreteria nazionale che a volte predica bene e razzola male avendosi lasciato una cospicua quota di nominati, alienandosi cos\u00ec molti voti di persone che avevano creduto in un totale cambiamento ma cos\u00ec non \u00e8 stato) ha salutato con enfasi il successo della Parlamentarie. In particolare per la grande partecipazione di cittadini, di gran lunga inferiore a quella delle primarie per la scelta del premier, ma pi\u00f9 alta della media nazionale.<\/p>\n<p>Restano ancora delle questioni aperte: il nome del secondo capolista nazionale (si fa con insistenza quello del consigliere regionale Marco Meloni) ed eventuali ricorsi che potrebbero nascere dai cosi di doppio voto di elettori di Sinistra ecologia e libert\u00e0 che hanno dichiarato pubblicamente di aver votato anche per i candidati del Pd.<\/p>\n","protected":false},"excerpt":{"rendered":"<p>Le primarie per la Camera dei Deputati e ed il Senato hanno terremotato a livello sardo e financo nazionale, il partito facendo mancare nomi eccellenti&#8230;<\/p>\n","protected":false},"author":2,"featured_media":0,"comment_status":"closed","ping_status":"closed","sticky":false,"template":"","format":"standard","meta":[],"categories":[49],"tags":[],"_links":{"self":[{"href":"https:\/\/www.cronacaonline.it\/index.php\/wp-json\/wp\/v2\/posts\/92068"}],"collection":[{"href":"https:\/\/www.cronacaonline.it\/index.php\/wp-json\/wp\/v2\/posts"}],"about":[{"href":"https:\/\/www.cronacaonline.it\/index.php\/wp-json\/wp\/v2\/types\/post"}],"author":[{"embeddable":true,"href":"https:\/\/www.cronacaonline.it\/index.php\/wp-json\/wp\/v2\/users\/2"}],"replies":[{"embeddable":true,"href":"https:\/\/www.cronacaonline.it\/index.php\/wp-json\/wp\/v2\/comments?post=92068"}],"version-history":[{"count":0,"href":"https:\/\/www.cronacaonline.it\/index.php\/wp-json\/wp\/v2\/posts\/92068\/revisions"}],"wp:attachment":[{"href":"https:\/\/www.cronacaonline.it\/index.php\/wp-json\/wp\/v2\/media?parent=92068"}],"wp:term":[{"taxonomy":"category","embeddable":true,"href":"https:\/\/www.cronacaonline.it\/index.php\/wp-json\/wp\/v2\/categories?post=92068"},{"taxonomy":"post_tag","embeddable":true,"href":"https:\/\/www.cronacaonline.it\/index.php\/wp-json\/wp\/v2\/tags?post=92068"}],"curies":[{"name":"wp","href":"https:\/\/api.w.org\/{rel}","templated":true}]}}