{"id":92044,"date":"2012-12-19T15:14:04","date_gmt":"2012-12-19T14:14:04","guid":{"rendered":"http:\/\/www.cronacaonline.it\/public\/content\/index.php\/19\/12\/2012\/sanita-de-francisci-in-ogliastra-su-punto-nascita-lanusei-e-altre-specialita-serve-battaglia-comune-contro-governo"},"modified":"2012-12-19T15:14:04","modified_gmt":"2012-12-19T14:14:04","slug":"sanita-de-francisci-in-ogliastra-su-punto-nascita-lanusei-e-altre-specialita-serve-battaglia-comune-contro-governo","status":"publish","type":"post","link":"https:\/\/www.cronacaonline.it\/index.php\/2012\/12\/19\/sanita-de-francisci-in-ogliastra-su-punto-nascita-lanusei-e-altre-specialita-serve-battaglia-comune-contro-governo\/","title":{"rendered":"Sanit\u00e0, De Francisci in Ogliastra: su punto nascita Lanusei e altre specialit\u00e0 serve battaglia comune contro governo"},"content":{"rendered":"<p>\u201cL\u2019Ogliastra \u00e8 una zona con diverse peculiarit\u00e0 e geograficamente disagiata, dunque la Regione si batter\u00e0 contro il Governo per ottenere le necessarie deroghe e difendere i servizi sanitari&nbsp;<A href=\"javascript:mails_addtocal(1,%22oggi%22);\"><FONT color=#0000ff>oggi<\/FONT><\/A>&nbsp;presenti. Tra questi, il punto nascita del reparto di Ostetricia dell\u2019ospedale di Lanusei \u00e8 solo una delle specialit\u00e0 da tutelare e che la Regione non intende assolutamente chiudere ma semmai rilanciare con progetti innovativi\u201d. \u00c8 il messaggio lanciato&nbsp;<A href=\"javascript:mails_addtocal(1,%22oggi%22);\"><FONT color=#0000ff>oggi<\/FONT><\/A>&nbsp;dall\u2019assessore della Sanit\u00e0 Simona De Francisci nel corso della sua visita istituzionale in Ogliastra durante la quale ha incontrato i vertici Asl, il presidente della Provincia, gli amministratori del territorio riuniti nella Conferenza dei sindaci e i sindacati.<\/p>\n<p>Prima tappa al poliambulatorio di Tortol\u00ec: accompagnata dal direttore generale della Asl 4, Francesco Pintus, l\u2019assessore ha fatto un sopralluogo nella struttura specialistica e negli altri edifici in costruzione, pronti alla consegna, dove a breve saranno allestiti la Casa della salute, i Centri per la salute mentale e delle dipendenze, la nuova Dialisi.<\/p>\n<p>Subito dopo l\u2019assessore \u00e8 arrivata all\u2019ospedale di Lanusei, dove era in corso una manifestazione a difesa del punto nascita il cui futuro, in base alla legge nazionale sulla spending review, sarebbe a rischio in quanto non raggiungerebbe i 500 parti all\u2019anno. \u201cSu questa come su altre vertenze sanitarie \u2013 ha premesso De Francisci - la Regione non \u00e8 vostra controparte, semmai ha bisogno anche del vostro sostegno per condurre tutti uniti una battaglia a difesa delle nostre specialit\u00e0. Il punto nascita \u00e8 una di queste: ci sono gi\u00e0 molte condizioni affinch\u00e9 il Governo non lo chiuda, considerato che ci sono gi\u00e0 diverse eccellenze, professionalit\u00e0 e requisiti di sicurezza nel reparto di Ostetricia su cui occorre continuare a investire. Senza contare poi che l\u2019Ogliastra, un\u2019isola nell\u2019isola, essendo un\u2019area principalmente montana e con distanze considerevoli tra i vari suoi paesi e le citt\u00e0 principali come Nuoro,&nbsp;&nbsp;non pu\u00f2 subire la chiusura dell\u2019unico punto di nascita\u201d.<\/p>\n<p>L\u2019assessore ha poi anticipato il progetto di partnership tra Asl 4 e Asl 8 di cui parler\u00e0 con i rispettivi direttori generali: una sinergia tra le due aziende sanitarie in modo da incentivare le future madri, specie quelle che risiedono tra Sarrabus, Sarcidano e Ogliastra meridionale, a partorire all\u2019ospedale di Lanusei dopo un percorso di avvicinamento e accompagnamento anche nelle fasi precedenti al parto. Il punto nascita cos\u00ec potr\u00e0 contare su un numero di parti di almeno 500 all\u2019anno, considerato questo come limite massimo (sui 1.000 definiti dalla legge nazionale) ottenuto per deroga. Da parte sua, il direttore generale della Asl 4 si \u00e8 impegnato a lavorare a un dossier con la sintesi di numeri ed eccellenze della sanit\u00e0 ogliastrina.<\/p>\n<p>Concetti ribaditi anche ai rappresentanti di Cgil, Cisl e Uil, ai quali ha rivolto un appello affinch\u00e9 sostengano la Regione e fatto presente che la difesa dei servizi sanitari dell\u2019Ogliastra sar\u00e0 indipendente dal futuro istituzionale della Provincia come ente.&nbsp;<\/p>\n<p>All\u2019ospedale di Lanusei c\u2019\u00e8 stato anche il tempo per la breve cerimonia di consegna a un\u2019associazione di volontariato di un\u2019ambulanza, donata dall\u2019Asl 4 e non pi\u00f9 omologabile per le norme italiane, che andr\u00e0 invece a rinforzare il parco dei mezzi di soccorso del Paese africano.&nbsp;<\/p>\n<p>Con i sindaci ogliastrini, riuniti nel municipio di Lanusei, l\u2019assessore ha auspicato unit\u00e0 di intenti, ricordando loro come la Regione stia gi\u00e0 facendo, in sede di Conferenza delle Regioni a Roma, una battaglia contro parametri standard e ragionieristici e favore delle peculiariet\u00e0 <SPAN style=\"mso-spacerun: yes\">&nbsp;<\/SPAN>della sanit\u00e0 della Sardegna. \u201cSiamo fuori dal Piano di rientro, siamo una Regione autonoma che si autofinanzia la sanit\u00e0 e la logica dei soli numeri che il Governo vuole imporre \u00e8 inaccettabile. Ma per far valere questo principio occorre la coesione di tutti i soggetti per condurre una battaglia comune \u201d. Apprezzamento per gli impegni dell\u2019assessore \u00e8 stato espresso dalla Conferenza dei sindaci, che hanno steso un documento unitario a difesa della sanit\u00e0 in Ogliastra.<\/p>\n","protected":false},"excerpt":{"rendered":"<p>\u201cL\u2019Ogliastra \u00e8 una zona con diverse peculiarit\u00e0 e geograficamente disagiata, dunque la Regione si batter\u00e0 contro il Governo per ottenere le necessarie deroghe e difendere&#8230;<\/p>\n","protected":false},"author":2,"featured_media":0,"comment_status":"closed","ping_status":"closed","sticky":false,"template":"","format":"standard","meta":[],"categories":[49],"tags":[],"_links":{"self":[{"href":"https:\/\/www.cronacaonline.it\/index.php\/wp-json\/wp\/v2\/posts\/92044"}],"collection":[{"href":"https:\/\/www.cronacaonline.it\/index.php\/wp-json\/wp\/v2\/posts"}],"about":[{"href":"https:\/\/www.cronacaonline.it\/index.php\/wp-json\/wp\/v2\/types\/post"}],"author":[{"embeddable":true,"href":"https:\/\/www.cronacaonline.it\/index.php\/wp-json\/wp\/v2\/users\/2"}],"replies":[{"embeddable":true,"href":"https:\/\/www.cronacaonline.it\/index.php\/wp-json\/wp\/v2\/comments?post=92044"}],"version-history":[{"count":0,"href":"https:\/\/www.cronacaonline.it\/index.php\/wp-json\/wp\/v2\/posts\/92044\/revisions"}],"wp:attachment":[{"href":"https:\/\/www.cronacaonline.it\/index.php\/wp-json\/wp\/v2\/media?parent=92044"}],"wp:term":[{"taxonomy":"category","embeddable":true,"href":"https:\/\/www.cronacaonline.it\/index.php\/wp-json\/wp\/v2\/categories?post=92044"},{"taxonomy":"post_tag","embeddable":true,"href":"https:\/\/www.cronacaonline.it\/index.php\/wp-json\/wp\/v2\/tags?post=92044"}],"curies":[{"name":"wp","href":"https:\/\/api.w.org\/{rel}","templated":true}]}}