{"id":92036,"date":"2012-12-11T15:14:04","date_gmt":"2012-12-11T14:14:04","guid":{"rendered":"http:\/\/www.cronacaonline.it\/public\/content\/index.php\/11\/12\/2012\/imu-deidda-confcommercio--mazzata-durissima-per-le-imprese-turistiche"},"modified":"2012-12-11T15:14:04","modified_gmt":"2012-12-11T14:14:04","slug":"imu-deidda-confcommercio-mazzata-durissima-per-le-imprese-turistiche","status":"publish","type":"post","link":"https:\/\/www.cronacaonline.it\/index.php\/2012\/12\/11\/imu-deidda-confcommercio-mazzata-durissima-per-le-imprese-turistiche\/","title":{"rendered":"Imu, Deidda (Confcommercio):  Mazzata Durissima Per Le Imprese Turistiche"},"content":{"rendered":"<p>\u201cL\u2019Imu sugli immobili turistici \u00e8 l\u2019ennesima durissima mazzata sulle imprese del settore. Cos\u00ec come per gli opifici industriali, anche le imprese turistiche non dovrebbero pagare l\u2019imposta municipale perch\u00e9 sono una risorsa fondamentale per l\u2019economia, lo sviluppo e l\u2019occupazione della Sardegna\u201d. \u00c8 l\u2019appello lanciato da Giancarlo Deidda, vicepresidente nazionale della Confcommercio e vicepresidente regionale con delega al turismo, sull\u2019imposta introdotta dal governo Monti che secondo un\u2019indagine del Centro Studi di Confcommercio Cagliari, nella provincia del capoluogo prevede oneri aggiuntivi per le singole imprese del settore che vanno da 800 a 1.700 euro (+114%).<\/p>\n<p>L\u2019indagine condotta dal Centro Studi Confcommercio Cagliari conferma la portata negativa di un\u2019imposta \u201cassolutamente impropria \u2013 sottolinea Deidda -&nbsp; che incrementa pesantemente l\u2019onere fiscale dovuto dalle imprese commerciali in senso ampio\u201d. Il valore dei coefficienti \u00e8 stato sensibilmente modificato come si vede nello schema sotto indicato.<\/p>\n<p>Nel caso degli immobili adibiti ad attivit\u00e0 commerciale (negozi, ristoranti, bar, ecc.), il coefficiente sale da 34 a 55 con un incremento del 62%, mentre per gli alberghi passa da 50 a 60 (+20%), per arrivare a 65 dal 1 gennaio 2013. Il primo risultato mostra che l\u2019introduzione dell\u2019IMU si tradurr\u00e0 in un maggior costo per le imprese che svolgono attivit\u00e0 turistica nella provincia di Cagliari che va da un minimo del +54% ad un massimo del +114%. In valore assoluto vuol dire che il sistema imprenditoriale del settore, a livello macroeconomico, sborser\u00e0 dai 3,4 ai 7,2 milioni di euro in pi\u00f9 rispetto alla vecchia Ici. Ogni singola impresa, in particolare, si trover\u00e0 in bilancio maggiori oneri che vanno da un minimo di 800 euro ad un massimo di 1.700 euro. Inoltre, sul complesso delle attivit\u00e0 commerciali attive a Cagliari e provincia, l\u2019Imu determina una spesa aggiuntiva compresa tra gli otto ed i quindici milioni di euro. \u201cInvitiamo le amministrazioni comunali a lavorare insieme - conclude Deidda \u2013 per trovare una soluzione anche aggredendo le sacche di evasione e ristabilire cos\u00ec l\u2019equit\u00e0 fiscale\u201d.&nbsp; Com<\/p>\n","protected":false},"excerpt":{"rendered":"<p>\u201cL\u2019Imu sugli immobili turistici \u00e8 l\u2019ennesima durissima mazzata sulle imprese del settore. Cos\u00ec come per gli opifici industriali, anche le imprese turistiche non dovrebbero pagare&#8230;<\/p>\n","protected":false},"author":2,"featured_media":0,"comment_status":"closed","ping_status":"closed","sticky":false,"template":"","format":"standard","meta":[],"categories":[49],"tags":[],"_links":{"self":[{"href":"https:\/\/www.cronacaonline.it\/index.php\/wp-json\/wp\/v2\/posts\/92036"}],"collection":[{"href":"https:\/\/www.cronacaonline.it\/index.php\/wp-json\/wp\/v2\/posts"}],"about":[{"href":"https:\/\/www.cronacaonline.it\/index.php\/wp-json\/wp\/v2\/types\/post"}],"author":[{"embeddable":true,"href":"https:\/\/www.cronacaonline.it\/index.php\/wp-json\/wp\/v2\/users\/2"}],"replies":[{"embeddable":true,"href":"https:\/\/www.cronacaonline.it\/index.php\/wp-json\/wp\/v2\/comments?post=92036"}],"version-history":[{"count":0,"href":"https:\/\/www.cronacaonline.it\/index.php\/wp-json\/wp\/v2\/posts\/92036\/revisions"}],"wp:attachment":[{"href":"https:\/\/www.cronacaonline.it\/index.php\/wp-json\/wp\/v2\/media?parent=92036"}],"wp:term":[{"taxonomy":"category","embeddable":true,"href":"https:\/\/www.cronacaonline.it\/index.php\/wp-json\/wp\/v2\/categories?post=92036"},{"taxonomy":"post_tag","embeddable":true,"href":"https:\/\/www.cronacaonline.it\/index.php\/wp-json\/wp\/v2\/tags?post=92036"}],"curies":[{"name":"wp","href":"https:\/\/api.w.org\/{rel}","templated":true}]}}