{"id":92030,"date":"2012-12-06T15:14:04","date_gmt":"2012-12-06T14:14:04","guid":{"rendered":"http:\/\/www.cronacaonline.it\/public\/content\/index.php\/06\/12\/2012\/emigrazione---liori-allarme-comprensibile-ma-la-crisi-riguarda-tutti-i-settori"},"modified":"2012-12-06T15:14:04","modified_gmt":"2012-12-06T14:14:04","slug":"emigrazione-liori-allarme-comprensibile-ma-la-crisi-riguarda-tutti-i-settori","status":"publish","type":"post","link":"https:\/\/www.cronacaonline.it\/index.php\/2012\/12\/06\/emigrazione-liori-allarme-comprensibile-ma-la-crisi-riguarda-tutti-i-settori\/","title":{"rendered":"Emigrazione &#8211; Liori: &#8220;Allarme comprensibile, ma la crisi riguarda tutti i settori&#8221;"},"content":{"rendered":"<p>E\u2019 comprensibile l\u2019allarme lanciato dalla comunit\u00e0 dei \u2018Sardi nel mondo\u2019, ma non bisogna dimenticare che stiamo vivendo un momento difficile ed il rispetto del \u2018Patto di stabilit\u00e0 interno\u2019, imposto dallo Stato, costringe a forti limitazioni di spesa.\u201d <\/p>\n<p>E\u2019 la risposta dell\u2019assessore del Lavoro, Antonello Liori, alla nota della Fasi, che ha annunciato un presidio per domattina davanti all\u2019Assessorato. \u201cCi\u00f2 nonostante, l\u2019impegno per il settore, nonostante le limitazioni e le tante crisi che questo Assessorato ha dovuto affrontare, \u00e8 stato garantito - ha aggiunto Liori - E\u2019 stato pagato il 70% del contributo 2012 per funzionamento ed attivit\u00e0 di circoli, federazioni ed associazioni di tutela, mentre il restante 30% sar\u00e0 erogato, come prevede la Finanziaria 2012, dopo la presentazione del consuntivo nel 2013, come negli scorsi anni. E\u2019 proseguita la pubblicazione&nbsp; del periodico \u201cIl Messaggero Sardo\u201d ed \u00e8 stata aggiudicata la gara per la \u2018Banca dati dei talenti sardi nel mondo\u2019, che, insieme al portale \u201cSardegna migranti\u201d aggiornato, sar\u00e0 on line nel 2013. Inoltre, \u00e8 stato approvato dalla Giunta il nuovo disegno di legge, che introduce importanti e significative novit\u00e0.\u201d <\/p>\n<p>\u201cE\u2019 bene sottolineare che non c\u2019\u00e8 ancora alcuna ipotesi di stanziamento per il Bilancio 2013, bens\u00ec una prima programmazione, pari a 1.500.000 di euro, determinata dalle regole di contabilit\u00e0 che, per la futura programmazione, obbligano all\u2019utilizzo delle sole risorse spendibili, al fine di limitare la creazione di residui e la crescita del disavanzo pubblico. Ovviamente, vi potr\u00e0 essere una rimodulazione non appena saranno noti i dati del nuovo Bilancio.\u201d&nbsp; \u201cConfermo, comunque,&nbsp; il mio impegno per&nbsp; chiedere a Giunta e Consiglio regionale la conferma dello stanziamento previsto - ha concluso&nbsp; Liori -&nbsp; E\u2019, per\u00f2, necessario che i protagonisti di questa rete comincino a riflettere su un prossimo futuro che non si prospetta certamente pi\u00f9 roseo e fa presagire qualche scelta dolorosa, cominciando a ripensare tipologia, finalit\u00e0 ed organizzazione di una comunit\u00e0, che tanto finora ha dato alla Sardegna e che pu\u00f2 continuare a dare.\u201d Com<BR><\/p>\n","protected":false},"excerpt":{"rendered":"<p>E\u2019 comprensibile l\u2019allarme lanciato dalla comunit\u00e0 dei \u2018Sardi nel mondo\u2019, ma non bisogna dimenticare che stiamo vivendo un momento difficile ed il rispetto del \u2018Patto&#8230;<\/p>\n","protected":false},"author":2,"featured_media":0,"comment_status":"closed","ping_status":"closed","sticky":false,"template":"","format":"standard","meta":[],"categories":[49],"tags":[],"_links":{"self":[{"href":"https:\/\/www.cronacaonline.it\/index.php\/wp-json\/wp\/v2\/posts\/92030"}],"collection":[{"href":"https:\/\/www.cronacaonline.it\/index.php\/wp-json\/wp\/v2\/posts"}],"about":[{"href":"https:\/\/www.cronacaonline.it\/index.php\/wp-json\/wp\/v2\/types\/post"}],"author":[{"embeddable":true,"href":"https:\/\/www.cronacaonline.it\/index.php\/wp-json\/wp\/v2\/users\/2"}],"replies":[{"embeddable":true,"href":"https:\/\/www.cronacaonline.it\/index.php\/wp-json\/wp\/v2\/comments?post=92030"}],"version-history":[{"count":0,"href":"https:\/\/www.cronacaonline.it\/index.php\/wp-json\/wp\/v2\/posts\/92030\/revisions"}],"wp:attachment":[{"href":"https:\/\/www.cronacaonline.it\/index.php\/wp-json\/wp\/v2\/media?parent=92030"}],"wp:term":[{"taxonomy":"category","embeddable":true,"href":"https:\/\/www.cronacaonline.it\/index.php\/wp-json\/wp\/v2\/categories?post=92030"},{"taxonomy":"post_tag","embeddable":true,"href":"https:\/\/www.cronacaonline.it\/index.php\/wp-json\/wp\/v2\/tags?post=92030"}],"curies":[{"name":"wp","href":"https:\/\/api.w.org\/{rel}","templated":true}]}}