{"id":92027,"date":"2012-12-05T15:14:04","date_gmt":"2012-12-05T14:14:04","guid":{"rendered":"http:\/\/www.cronacaonline.it\/public\/content\/index.php\/05\/12\/2012\/cavallino-della-giara-lassessore-cherchi-a-gennaio-firmeremo-la-convenzione-di-tutela"},"modified":"2012-12-05T15:14:04","modified_gmt":"2012-12-05T14:14:04","slug":"cavallino-della-giara-lassessore-cherchi-a-gennaio-firmeremo-la-convenzione-di-tutela","status":"publish","type":"post","link":"https:\/\/www.cronacaonline.it\/index.php\/2012\/12\/05\/cavallino-della-giara-lassessore-cherchi-a-gennaio-firmeremo-la-convenzione-di-tutela\/","title":{"rendered":"Cavallino della Giara, l\u2019assessore Cherchi: \u201cA gennaio firmeremo la Convenzione di Tutela\u201d"},"content":{"rendered":"<p><FONT size=5>Sar\u00e0 pronta per gli inizi della prossima settimana la versione integrativa della convenzione per la tutela del cavallino della Giara con le osservazioni che ieri i rappresentanti delle istituzioni coinvolte hanno esposto all\u2019Assessore Oscar Cherchi. Fra sette giorni, quindi, i sindaci del territorio, i veterinari della Asl di Sanluri, l'Ente Foreste, il Corpo Forestale e il Dipartimento Ricerca dell'Universita' di Sassari avranno in mano il testo riassuntivo su cui lavorare per le deduzioni finali. \u201cCredo che - afferma l\u2019Assessore regionale dell\u2019Agricoltura - per i primi dell'anno prossimo la Convenzione potr\u00e0 essere gi\u00e0 firmata. Abbiamo raccolto diverse informazioni essenziali che saranno utili agli uffici dell\u2019Assessorato e all\u2019agenzia Agris per la stesura della seconda bozza, probabilmente la definitiva, integrata appunto dalle considerazioni odierne\u201d.<\/FONT><\/p>\n<p><FONT size=5>La stipula della Convenzione, che coinvolger\u00e0 numerose istituzioni, servir\u00e0 per avere un quadro attendibile sulla condizione attuale della colonia equina che vive sull\u2019altopiano della Giara per poi stabilire, assegnando ad ogni ente o istituzione un compito specifico, le modalit\u00e0 di intervento compatibili per la salvaguardia della specie nel pieno rispetto dell\u2019ecosistema locale. \u201cUno degli aspetti pi\u00f9 importanti emerso nell\u2019incontro odierno - aggiunge l\u2019assessore - \u00e8 quello della necessit\u00e0 di censire e anagrafare&nbsp; il patrimonio equino esistente con sistemi moderni e indolori come i microchip. Si dovr\u00e0 quindi cercare di stabilire, su basi scientifiche, quale sar\u00e0 il numero massimo di animali che l\u2019altopiano della Giara potr\u00e0 sopportare senza che ne vengano alterati gli equilibri naturali\u201d.<\/FONT><\/p>\n<p><FONT size=5>\u201cIl Cavallino della Giara - conclude l\u2019esponente della Giunta Cappellacci - \u00e8 una risorsa importante e la protezione della specie \u00e8 doverosa nel rispetto dei cittadini di quel territorio ma anche del resto della Sardegna\u201d. Nel corso dell\u2019incontro \u00e8 emersa anche la necessit\u00e0 di riallacciare i fili di un discorso iniziato e mai concluso sulla possibile istituzione di un Parco sovracomunale che tenga conto delle esigenze di sviluppo locale, legandolo ad un probabile incremento del turismo legato alla presenza del Cavallino sulla Giara. Com<\/FONT><\/p>\n","protected":false},"excerpt":{"rendered":"<p>Sar\u00e0 pronta per gli inizi della prossima settimana la versione integrativa della convenzione per la tutela del cavallino della Giara con le osservazioni che ieri&#8230;<\/p>\n","protected":false},"author":2,"featured_media":0,"comment_status":"closed","ping_status":"closed","sticky":false,"template":"","format":"standard","meta":[],"categories":[49],"tags":[],"_links":{"self":[{"href":"https:\/\/www.cronacaonline.it\/index.php\/wp-json\/wp\/v2\/posts\/92027"}],"collection":[{"href":"https:\/\/www.cronacaonline.it\/index.php\/wp-json\/wp\/v2\/posts"}],"about":[{"href":"https:\/\/www.cronacaonline.it\/index.php\/wp-json\/wp\/v2\/types\/post"}],"author":[{"embeddable":true,"href":"https:\/\/www.cronacaonline.it\/index.php\/wp-json\/wp\/v2\/users\/2"}],"replies":[{"embeddable":true,"href":"https:\/\/www.cronacaonline.it\/index.php\/wp-json\/wp\/v2\/comments?post=92027"}],"version-history":[{"count":0,"href":"https:\/\/www.cronacaonline.it\/index.php\/wp-json\/wp\/v2\/posts\/92027\/revisions"}],"wp:attachment":[{"href":"https:\/\/www.cronacaonline.it\/index.php\/wp-json\/wp\/v2\/media?parent=92027"}],"wp:term":[{"taxonomy":"category","embeddable":true,"href":"https:\/\/www.cronacaonline.it\/index.php\/wp-json\/wp\/v2\/categories?post=92027"},{"taxonomy":"post_tag","embeddable":true,"href":"https:\/\/www.cronacaonline.it\/index.php\/wp-json\/wp\/v2\/tags?post=92027"}],"curies":[{"name":"wp","href":"https:\/\/api.w.org\/{rel}","templated":true}]}}