{"id":92007,"date":"2012-12-08T15:14:04","date_gmt":"2012-12-08T14:14:04","guid":{"rendered":"http:\/\/www.cronacaonline.it\/public\/content\/index.php\/08\/12\/2012\/comune-di-cagliari-ultima-saldo-imu-da-pagare-entro-il-17-dicembre-prossimo"},"modified":"2012-12-08T15:14:04","modified_gmt":"2012-12-08T14:14:04","slug":"comune-di-cagliari-ultima-saldo-imu-da-pagare-entro-il-17-dicembre-prossimo","status":"publish","type":"post","link":"https:\/\/www.cronacaonline.it\/index.php\/2012\/12\/08\/comune-di-cagliari-ultima-saldo-imu-da-pagare-entro-il-17-dicembre-prossimo\/","title":{"rendered":"Comune di Cagliari, ultima saldo Imu da pagare entro il 17 dicembre prossimo."},"content":{"rendered":"<p>Il termine previsto per il pagamento del saldo IMU resta stabilito al prossimo 17 dicembre 2013.<\/p>\n<p>Si informano inoltre i cittadini che, per il 2012,&nbsp; il termine previsto per la presentazione della dichiarazione \u00e8 stato fissato al 4 febbraio 2013.<BR>Per informazioni pi\u00f9 dettagliate i cittadini possono rivolgersi agli uffici del Servizio Tributi di via Nazario Sauro (piano terra) aperti la mattina - luned\u00ec, mercoled\u00ec e venerd\u00ec - dalle ore 9.00 alle 12.00 ed il pomeriggio - marted\u00ec e gioved\u00ec - dalle ore 15.30 alle 17.30 o collegarsi al sito <A href=\"http:\/\/www.comune.cagliari.it\">www.comune.cagliari.it<\/A> e consultare la sezione relativa all\u2019IMU dell\u2019area tematica Tributi e canoni. Com<BR><\/p>\n","protected":false},"excerpt":{"rendered":"<p>Il termine previsto per il pagamento del saldo IMU resta stabilito al prossimo 17 dicembre 2013. Si informano inoltre i cittadini che, per il 2012,&nbsp;&#8230;<\/p>\n","protected":false},"author":2,"featured_media":0,"comment_status":"closed","ping_status":"closed","sticky":false,"template":"","format":"standard","meta":[],"categories":[49],"tags":[],"_links":{"self":[{"href":"https:\/\/www.cronacaonline.it\/index.php\/wp-json\/wp\/v2\/posts\/92007"}],"collection":[{"href":"https:\/\/www.cronacaonline.it\/index.php\/wp-json\/wp\/v2\/posts"}],"about":[{"href":"https:\/\/www.cronacaonline.it\/index.php\/wp-json\/wp\/v2\/types\/post"}],"author":[{"embeddable":true,"href":"https:\/\/www.cronacaonline.it\/index.php\/wp-json\/wp\/v2\/users\/2"}],"replies":[{"embeddable":true,"href":"https:\/\/www.cronacaonline.it\/index.php\/wp-json\/wp\/v2\/comments?post=92007"}],"version-history":[{"count":0,"href":"https:\/\/www.cronacaonline.it\/index.php\/wp-json\/wp\/v2\/posts\/92007\/revisions"}],"wp:attachment":[{"href":"https:\/\/www.cronacaonline.it\/index.php\/wp-json\/wp\/v2\/media?parent=92007"}],"wp:term":[{"taxonomy":"category","embeddable":true,"href":"https:\/\/www.cronacaonline.it\/index.php\/wp-json\/wp\/v2\/categories?post=92007"},{"taxonomy":"post_tag","embeddable":true,"href":"https:\/\/www.cronacaonline.it\/index.php\/wp-json\/wp\/v2\/tags?post=92007"}],"curies":[{"name":"wp","href":"https:\/\/api.w.org\/{rel}","templated":true}]}}