{"id":92002,"date":"2012-12-02T15:14:04","date_gmt":"2012-12-02T14:14:04","guid":{"rendered":"http:\/\/www.cronacaonline.it\/public\/content\/index.php\/02\/12\/2012\/conferenza-onu-su-cambiamenti-climatici---cappellacci-pubblico-e-privato-insieme-per-futuro-modello-smart-city"},"modified":"2012-12-02T15:14:04","modified_gmt":"2012-12-02T14:14:04","slug":"conferenza-onu-su-cambiamenti-climatici-cappellacci-pubblico-e-privato-insieme-per-futuro-modello-smart-city","status":"publish","type":"post","link":"https:\/\/www.cronacaonline.it\/index.php\/2012\/12\/02\/conferenza-onu-su-cambiamenti-climatici-cappellacci-pubblico-e-privato-insieme-per-futuro-modello-smart-city\/","title":{"rendered":"Conferenza Onu su cambiamenti climatici &#8211; Cappellacci, pubblico e privato insieme per futuro modello Smart City"},"content":{"rendered":"<p>Il modello delle citt\u00e0 intelligenti rappresenta un\u2019opportunit\u00e0 per generare sviluppo e allo stesso tempo migliorare la qualit\u00e0 della vita dei cittadini. Lo ha spiegato il presidente della Regione Sardegna, Ugo Cappellacci, durante il suo intervento all\u2019evento, Smart Buildings &amp; Cities, nel corso dei lavori della Conferenza delle Nazioni Unite sui Cambiamenti Climatici.<\/p>\n<p>Il presidente ha aggiunto che il Comitato delle Regioni dell\u2019Unione Europa sta concentrando la propria attenzione sul futuro del modello Smart City, evidenziando la necessit\u00e0 che alle politiche e ai finanziamenti pubblici si affianchi altres\u00ec un\u2019interazione con le iniziative e gli investimenti privati.<\/p>\n<p>\u201cNessun governo locale o nazionale - ha osservato Cappellacci - \u00e8 in grado di mobilitare il capitale per garantire l'efficienza energetica, idrica&nbsp; e di altre risorse. Il settore privato \u00e8 necessario per gli investimenti di efficienza nelle citt\u00e0 di tutto il mondo\u201d.<\/p>\n<p>Le citt\u00e0 intelligenti - ha proseguito - creano prospettive interessanti anche per il mercato, che, con gli edifici intelligenti e la gestione energetica intelligente, dovrebbe avere una domanda esponenziale nel futuro prossimo. Laddove ci saranno scelte politiche e industriali ben precise in questa direzione, ci saranno altres\u00ec comportamenti conseguenti da parte delle piccole e medie imprese. Il presidente si \u00e8 altres\u00ec soffermato sulla necessit\u00e0 di creare una banca di sviluppo come attore multilaterale, sulla scorta dell\u2019esperienza della Banca europea per gli investimenti, che emetta bond verdi per finanziare iniziative ambientali, fornendo la propria garanzia. Il tasso fisso di rendimento dei titoli di questo tipo possono essere collegati a un indice appropriato del mercato finanziario. <BR>Il Comitato delle Regioni - ha ricordato Cappellacci - sta contribuendo ad una revisione dei criteri di finanziamento del settore energetico della Banca europea per gli investimenti, e non mancher\u00e0 di insistere sulla trasparenza del monitoraggio, verifica e contabilit\u00e0 delle emissioni, ma anche sottolineare che i servizi eco sistemici quali la biodiversit\u00e0 devono essere adeguatamente presi in considerazione, quando i progetti in gara per il finanziamento sono valutati in termini di efficienza dei costi contro prossimi migliori alternative.<\/p>\n<p>Le iniziative a livello locale&nbsp; e regionale nel settore energetico sono gi\u00e0 promosse attraverso nuovi strumenti finanziari sul mercato privato, oltre che con prestiti e sovvenzioni.<\/p>\n<p>\"Oggi occorre non solo rinforzare i nostri impegni vincolanti sulla riduzione delle emissioni, - ha concluso - ma anche e soprattutto i nostri investimenti per sostenere la \u201cstrategia verde\u201d affinch\u00e9 essa non sia ridimensionata o compromessa dall\u2019austerit\u00e0\u201d. <BR><\/p>\n","protected":false},"excerpt":{"rendered":"<p>Il modello delle citt\u00e0 intelligenti rappresenta un\u2019opportunit\u00e0 per generare sviluppo e allo stesso tempo migliorare la qualit\u00e0 della vita dei cittadini. Lo ha spiegato il&#8230;<\/p>\n","protected":false},"author":2,"featured_media":0,"comment_status":"closed","ping_status":"closed","sticky":false,"template":"","format":"standard","meta":[],"categories":[49],"tags":[],"_links":{"self":[{"href":"https:\/\/www.cronacaonline.it\/index.php\/wp-json\/wp\/v2\/posts\/92002"}],"collection":[{"href":"https:\/\/www.cronacaonline.it\/index.php\/wp-json\/wp\/v2\/posts"}],"about":[{"href":"https:\/\/www.cronacaonline.it\/index.php\/wp-json\/wp\/v2\/types\/post"}],"author":[{"embeddable":true,"href":"https:\/\/www.cronacaonline.it\/index.php\/wp-json\/wp\/v2\/users\/2"}],"replies":[{"embeddable":true,"href":"https:\/\/www.cronacaonline.it\/index.php\/wp-json\/wp\/v2\/comments?post=92002"}],"version-history":[{"count":0,"href":"https:\/\/www.cronacaonline.it\/index.php\/wp-json\/wp\/v2\/posts\/92002\/revisions"}],"wp:attachment":[{"href":"https:\/\/www.cronacaonline.it\/index.php\/wp-json\/wp\/v2\/media?parent=92002"}],"wp:term":[{"taxonomy":"category","embeddable":true,"href":"https:\/\/www.cronacaonline.it\/index.php\/wp-json\/wp\/v2\/categories?post=92002"},{"taxonomy":"post_tag","embeddable":true,"href":"https:\/\/www.cronacaonline.it\/index.php\/wp-json\/wp\/v2\/tags?post=92002"}],"curies":[{"name":"wp","href":"https:\/\/api.w.org\/{rel}","templated":true}]}}