{"id":91965,"date":"2012-12-06T15:14:04","date_gmt":"2012-12-06T14:14:04","guid":{"rendered":"http:\/\/www.cronacaonline.it\/public\/content\/index.php\/06\/12\/2012\/sanita-anticipazione-indagine-corte-conti-de-francisci-dal-2012-miglioramenti-su-diversi-fronti"},"modified":"2012-12-06T15:14:04","modified_gmt":"2012-12-06T14:14:04","slug":"sanita-anticipazione-indagine-corte-conti-de-francisci-dal-2012-miglioramenti-su-diversi-fronti","status":"publish","type":"post","link":"https:\/\/www.cronacaonline.it\/index.php\/2012\/12\/06\/sanita-anticipazione-indagine-corte-conti-de-francisci-dal-2012-miglioramenti-su-diversi-fronti\/","title":{"rendered":"Sanit\u00e0: anticipazione indagine corte conti, De Francisci: dal 2012 miglioramenti su diversi fronti"},"content":{"rendered":"<p>&nbsp;\u201cNel 2012 la Regione, nel campo della sanit\u00e0, ha accelerato su tutti i fronti anche per rispondere a criticit\u00e0 e annosi problemi sollevati dalla sezione regionale della Corte dei Conti, la cui indagine \u00e8 riferita agli anni 2010-2011\u201d. Lo chiarisce l\u2019assessore regionale della Sanit\u00e0, Simona De Francisci, in merito a quanto anticipato dall\u2019istituto contabile che marted\u00ec presenter\u00e0 l'Indagine di controllo sull'attivit\u00e0 di indirizzo e sul finanziamento degli enti del servizio sanitario regionale da parte della Regione Sardegna (2010-2011).<\/p>\n<p>\u201cAccreditamento delle strutture sanitarie, spesa farmaceutica e disavanzo, costi del personale e riduzione delle liste d\u2019attesa \u2013 ricorda l\u2019assessore - sono solo alcuni dei settori sui quali, in questo anno che va a concludersi, abbiamo lavorato intensamente per invertire la tendenza e perch\u00e9 gi\u00e0 nei prossimi anni ci siano sensibili miglioramenti. Ricordo solo la legge approvata a met\u00e0 ottobre dal Consiglio regionale o i provvedimenti sulla spesa farmaceutica, la territorializzazione dei servizi sanitari e gli investimenti. Tutto questo in un contesto nazionale di estrema difficolt\u00e0 e con decisi tagli sul settore che tutti conosciamo\u201d.<\/p>\n<p>\u201cTutte azioni messe in campo anche grazie agli autorevoli rilievi della Corte avanzati nel 2011 e i cui effetti potranno vedersi a partire dal 2012. Su altri fronti, \u00e8 evidente che essendo problematiche che si protraggono da diversi anni, occorrer\u00e0 pi\u00f9 tempo per apprezzarne i miglioramenti, ma non possiamo che essere fiduciosi\u201d, conclude De Francisci. Com<\/p>\n","protected":false},"excerpt":{"rendered":"<p>&nbsp;\u201cNel 2012 la Regione, nel campo della sanit\u00e0, ha accelerato su tutti i fronti anche per rispondere a criticit\u00e0 e annosi problemi sollevati dalla sezione&#8230;<\/p>\n","protected":false},"author":2,"featured_media":0,"comment_status":"closed","ping_status":"closed","sticky":false,"template":"","format":"standard","meta":[],"categories":[49],"tags":[],"_links":{"self":[{"href":"https:\/\/www.cronacaonline.it\/index.php\/wp-json\/wp\/v2\/posts\/91965"}],"collection":[{"href":"https:\/\/www.cronacaonline.it\/index.php\/wp-json\/wp\/v2\/posts"}],"about":[{"href":"https:\/\/www.cronacaonline.it\/index.php\/wp-json\/wp\/v2\/types\/post"}],"author":[{"embeddable":true,"href":"https:\/\/www.cronacaonline.it\/index.php\/wp-json\/wp\/v2\/users\/2"}],"replies":[{"embeddable":true,"href":"https:\/\/www.cronacaonline.it\/index.php\/wp-json\/wp\/v2\/comments?post=91965"}],"version-history":[{"count":0,"href":"https:\/\/www.cronacaonline.it\/index.php\/wp-json\/wp\/v2\/posts\/91965\/revisions"}],"wp:attachment":[{"href":"https:\/\/www.cronacaonline.it\/index.php\/wp-json\/wp\/v2\/media?parent=91965"}],"wp:term":[{"taxonomy":"category","embeddable":true,"href":"https:\/\/www.cronacaonline.it\/index.php\/wp-json\/wp\/v2\/categories?post=91965"},{"taxonomy":"post_tag","embeddable":true,"href":"https:\/\/www.cronacaonline.it\/index.php\/wp-json\/wp\/v2\/tags?post=91965"}],"curies":[{"name":"wp","href":"https:\/\/api.w.org\/{rel}","templated":true}]}}