{"id":91957,"date":"2012-12-03T15:14:04","date_gmt":"2012-12-03T14:14:04","guid":{"rendered":"http:\/\/www.cronacaonline.it\/public\/content\/index.php\/03\/12\/2012\/arrestati-due-pregiudicati-cagliaritani-per-rapina-impropria-e-furto-aggravato"},"modified":"2012-12-03T15:14:04","modified_gmt":"2012-12-03T14:14:04","slug":"arrestati-due-pregiudicati-cagliaritani-per-rapina-impropria-e-furto-aggravato","status":"publish","type":"post","link":"https:\/\/www.cronacaonline.it\/index.php\/2012\/12\/03\/arrestati-due-pregiudicati-cagliaritani-per-rapina-impropria-e-furto-aggravato\/","title":{"rendered":"Arrestati due pregiudicati cagliaritani per rapina impropria e furto aggravato."},"content":{"rendered":"<p><P style=\"MARGIN: 0cm 0cm 0pt\" class=MsoNormal><\/p>\n<p>Ieri, il personale della Polizia di Stato, nel corso dei servizi di controllo del territorio predisposti dal Questore di Cagliari e intensificati ulteriormente anche in vista delle prossime festivit\u00e0, gli equipaggi delle Volanti, hanno arrestato due pregiudicati in due distinti interventi: il primo per aver commesso una rapina ed il secondo per un furto aggravato<\/p>\n<p>Il primo episodio si \u00e8 verificato nel primo pomeriggio di ieri quando, a seguito<SPAN style=\"mso-spacerun: yes\">&nbsp; <\/SPAN>di alcune telefonate, il Centro Operativo ha inviato in Via Is Maglias, presso un supermercato, dove un giovane, dopo aver perpetrato un furto all\u2019interno dell\u2019esercizio commerciale \u00e8 stato fermato da un commesso con il quale ha iniziato una colluttazione. <\/p>\n<p>Gli operatori hanno raggiunto tempestivamente il supermercato in aiuto del commesso, il quale in evidente difficolt\u00e0 cercava di bloccare per terra il ladro che tentava di divincolarsi dalla sua presa colpendolo con gomitate al busto. A pochi metri di distanza, gettate per terra vi erano diverse confezioni di cosmetici.<\/p>\n<p>Il ladro, immobilizzato dai poliziotti, \u00e8 stato identificato e conosciuto dagli agenti di polizia e per essere gi\u00e0 stato arrestato lo scorso 26 ottobre per un fatto analogo.<\/p>\n<p>Il commesso del supermercato, ha riferito che poco prima mentre si trovava all\u2019interno dell\u2019esercizio commerciale, aveva notato il Massidda, trafugare diverse confezioni di cosmetici e occultarle sotto la felpa. Quindi l\u2019uomo \u00e8 intervenuto per bloccarlo dopo che lo stesso aveva oltrepassato la barriera delle casse, guadagnandosi l\u2019uscita. All\u2019invito di fermarsi il Massidda ha tentato una fuga, subito interrotta, e ne \u00e8 scaturita una colluttazione, terminata con l\u2019arrivo degli Agenti.<\/p>\n<p>La merce recuperata, consistente in 23 confezioni di cosmetici (shampoo, gel e creme) per un valore di 123 \u20ac, <SPAN style=\"mso-spacerun: yes\">&nbsp;<\/SPAN>\u00e8 stata restituita al proprietario del market dopo la stesura della denuncia.<\/p>\n<p>Il Massidda, quindi, \u00e8 stato dichiarato in arresto e su disposizione del P.M. di turno l\u2019arrestato \u00e8 stato trattenuto nelle camere di sicurezza della Questura in attesa del rito direttissimo previsto per oggi.<\/p>\n<p>Il secondo episodio si \u00e8 verificato intorno alle ore 19:00 presso i parcheggi dell\u2019ospedale \u201cBrotzu\u201d dove un giovane dopo aver infranto con il gomito il vetro di una autovettura , si \u00e8 impossessato di un sacchetto posto sul sedile posteriore contente merce di varia tipologia. La fuga per\u00f2 non \u00e9 riuscita perch\u00e9 interrotta da un giovane di nazionalit\u00e0 senegalese, il quale dopo essersi accorto del fatto e in considerazione della presumibile appartenenza del veicolo ad una persona impegnata in una visita presso il nosocomio, ha cercato di trattenerlo fino all\u2019arrivo dei poliziotti.<\/p>\n<p>A questo punto il ladro ha ingaggiato una colluttazione con lo straniero ma l\u2019immediato arrivo degli Agenti ha definitivamente posto fine all\u2019azione del malvivente identificato, Simone Mattana, di 23 anni, di Cagliari, che \u00e8 stato tratto in arresto per furto aggravato. <\/p>\n<p>La busta con la spesa abbondata poco distante dal veicolo \u00e8 stata recuperata, riconosciuta e riconsegnata al proprietario in sede di denuncia. <\/p>\n<p>Dell\u2019avvenuto arresto \u00e8 stata data notizia al P.M. di turno del Tribunale di Cagliari che ha disposto che il Mattana venisse accompagnato presso la propria abitazione in Cagliari in regime di arresti domiciliari, in attesa di essere condotto al processo con rito \u201cdirettissima\u201d, durante il quale sono state convalidate le misure restrittive adottate dai poliziotti e concessi i termini a difesa per il 7 febbraio del prossimo anno.<\/p>\n","protected":false},"excerpt":{"rendered":"<p>Ieri, il personale della Polizia di Stato, nel corso dei servizi di controllo del territorio predisposti dal Questore di Cagliari e intensificati ulteriormente anche in&#8230;<\/p>\n","protected":false},"author":2,"featured_media":0,"comment_status":"closed","ping_status":"closed","sticky":false,"template":"","format":"standard","meta":[],"categories":[49],"tags":[],"_links":{"self":[{"href":"https:\/\/www.cronacaonline.it\/index.php\/wp-json\/wp\/v2\/posts\/91957"}],"collection":[{"href":"https:\/\/www.cronacaonline.it\/index.php\/wp-json\/wp\/v2\/posts"}],"about":[{"href":"https:\/\/www.cronacaonline.it\/index.php\/wp-json\/wp\/v2\/types\/post"}],"author":[{"embeddable":true,"href":"https:\/\/www.cronacaonline.it\/index.php\/wp-json\/wp\/v2\/users\/2"}],"replies":[{"embeddable":true,"href":"https:\/\/www.cronacaonline.it\/index.php\/wp-json\/wp\/v2\/comments?post=91957"}],"version-history":[{"count":0,"href":"https:\/\/www.cronacaonline.it\/index.php\/wp-json\/wp\/v2\/posts\/91957\/revisions"}],"wp:attachment":[{"href":"https:\/\/www.cronacaonline.it\/index.php\/wp-json\/wp\/v2\/media?parent=91957"}],"wp:term":[{"taxonomy":"category","embeddable":true,"href":"https:\/\/www.cronacaonline.it\/index.php\/wp-json\/wp\/v2\/categories?post=91957"},{"taxonomy":"post_tag","embeddable":true,"href":"https:\/\/www.cronacaonline.it\/index.php\/wp-json\/wp\/v2\/tags?post=91957"}],"curies":[{"name":"wp","href":"https:\/\/api.w.org\/{rel}","templated":true}]}}