{"id":91956,"date":"2012-12-07T15:14:04","date_gmt":"2012-12-07T14:14:04","guid":{"rendered":"http:\/\/www.cronacaonline.it\/public\/content\/index.php\/07\/12\/2012\/domenica-sera-a-cagliari-per-spaziomusica-il-ghetto-ore-21--orlando-brandelli-di-fughe-follie-nitriti-e-clopete-clopete"},"modified":"2012-12-07T15:14:04","modified_gmt":"2012-12-07T14:14:04","slug":"domenica-sera-a-cagliari-per-spaziomusica-il-ghetto-ore-21-orlando-brandelli-di-fughe-follie-nitriti-e-clopete-clopete","status":"publish","type":"post","link":"https:\/\/www.cronacaonline.it\/index.php\/2012\/12\/07\/domenica-sera-a-cagliari-per-spaziomusica-il-ghetto-ore-21-orlando-brandelli-di-fughe-follie-nitriti-e-clopete-clopete\/","title":{"rendered":"Domenica sera a Cagliari per Spaziomusica (il Ghetto, ore 21)  &#8220;Orlando&#8230;\u2026 Brandelli di fughe follie nitriti e clopete clopete&#8221;"},"content":{"rendered":"<p>Un attore, Senio G.B. Dattena, un percussionista, Alessandro Cau, le musiche e le elaborazioni elettroniche dal vivo di Daniele Ledda, una scultura di Mariano Corda: questi i crediti di \"Orlando...\u2026 Brandelli di fughe follie nitriti e clopete clopete\", la performance tratta dall'\"Orlando furioso\" di Ariosto, in programma a Cagliari per il festival Spaziomusica. Rinviata lo scorso 4 novembre (per un improvviso attacco influenzale che aveva colpito Senio G.B. Dattena), debutta domenica sera (9 dicembre) al Ghetto, il centro d'arte e cultura in via Santa Croce (nel quartiere di Castello), con inizio alle ore 21 e&nbsp; ingresso gratuito.<\/p>\n<p>\"Le donne, i cavallier, l'arme, gli amori, le cortesie, le audaci imprese io canto...\": l'adattamento teatrale di Senio G.B. Dattena (sua anche la regia) prende le mosse dai primi, celebri versi del capolavoro ariostesco. Ma deve naturalmente misurarsi con l'impossibilit\u00e0 di raccontare tutte le straordinarie storie che si intrecciano nell'\"Orlando furioso\", e la complessit\u00e0 di rendere la raffinata ironia che ne permea tanta parte. Affida dunque all'interpretazione dell'attore e alle percussioni il compito di introdurre lo spettatore nei temi principali e in quella selva di sentimenti e di avventure parallele che caratterizzano l'opera. A rendere una percezione fisica di questa molteplicit\u00e0 di personaggi, colori, intenzioni e ritmi, contribuiscono poi le registrazioni di voci, echi di racconti, frammenti, esplosioni. Ma c'\u00e8 anche un altro protagonista della performance, la scultura di Mariano Corda, un \"cavallo\" che divide la scena con l'attore e il percussionista per raccontare brandelli di versi dell'\"Orlando furioso\" e riscoprirli attuali, come attuali sono i sentimenti e la guerra infinita che racconta, e il sangue delle genti senza nome \"che meglio conterei ciascuna foglia quando d'autunno gli arbori ne spoglia\". <\/p>\n<p>Quello di domenica sera \u00e8 il penultimo appuntamento nel calendario della trentunesima edizione di Spaziomusica. Sei sere dopo, sabato 15, il festival chiude i battenti alla Cripta di San Domenico (e non al Ghetto, come erroneamente annunciato in precedenza), cornice ideale per il concerto del Coro dell'Universit\u00e0 di Sassari e la Piccola Orchestra d'Archi diretti da Daniele Manca nell'esecuzione del \"Te Deum\". Si tratta di un lavoro a pi\u00f9 mani per coro, orchestra d\u2019archi, sax soprano e percussioni&nbsp; improntato alle note e al testo dell'inno gregoriano \"Veni Creator Spiritus\" e commissionato dall'associazione \"Coro dell'Universit\u00e0 degli Studi di Sassari\" a quattro compositori sassaresi: Stefano Garau, Davide Soddu, Gabriele Verdinelli oltre allo stesso Daniele Manca. Gi\u00e0 eseguito in prima assoluta lo scorso 9 giugno nella citt\u00e0 turritana, a Cagliari verr\u00e0 proposto in una versione parzialmente rinnovata, che comprende anche l'inserzione di un Introito solo strumentale del compositore cagliaritano Marcello Pusceddu.<\/p>\n","protected":false},"excerpt":{"rendered":"<p>Un attore, Senio G.B. Dattena, un percussionista, Alessandro Cau, le musiche e le elaborazioni elettroniche dal vivo di Daniele Ledda, una scultura di Mariano Corda:&#8230;<\/p>\n","protected":false},"author":2,"featured_media":0,"comment_status":"closed","ping_status":"closed","sticky":false,"template":"","format":"standard","meta":[],"categories":[49],"tags":[],"_links":{"self":[{"href":"https:\/\/www.cronacaonline.it\/index.php\/wp-json\/wp\/v2\/posts\/91956"}],"collection":[{"href":"https:\/\/www.cronacaonline.it\/index.php\/wp-json\/wp\/v2\/posts"}],"about":[{"href":"https:\/\/www.cronacaonline.it\/index.php\/wp-json\/wp\/v2\/types\/post"}],"author":[{"embeddable":true,"href":"https:\/\/www.cronacaonline.it\/index.php\/wp-json\/wp\/v2\/users\/2"}],"replies":[{"embeddable":true,"href":"https:\/\/www.cronacaonline.it\/index.php\/wp-json\/wp\/v2\/comments?post=91956"}],"version-history":[{"count":0,"href":"https:\/\/www.cronacaonline.it\/index.php\/wp-json\/wp\/v2\/posts\/91956\/revisions"}],"wp:attachment":[{"href":"https:\/\/www.cronacaonline.it\/index.php\/wp-json\/wp\/v2\/media?parent=91956"}],"wp:term":[{"taxonomy":"category","embeddable":true,"href":"https:\/\/www.cronacaonline.it\/index.php\/wp-json\/wp\/v2\/categories?post=91956"},{"taxonomy":"post_tag","embeddable":true,"href":"https:\/\/www.cronacaonline.it\/index.php\/wp-json\/wp\/v2\/tags?post=91956"}],"curies":[{"name":"wp","href":"https:\/\/api.w.org\/{rel}","templated":true}]}}