{"id":91948,"date":"2012-12-10T15:14:04","date_gmt":"2012-12-10T14:14:04","guid":{"rendered":"http:\/\/www.cronacaonline.it\/public\/content\/index.php\/10\/12\/2012\/sardegna-isola-dellinnovazione-dallidea-allimpresa-terzo-workshop-sulla-ricerca"},"modified":"2012-12-10T15:14:04","modified_gmt":"2012-12-10T14:14:04","slug":"sardegna-isola-dellinnovazione-dallidea-allimpresa-terzo-workshop-sulla-ricerca","status":"publish","type":"post","link":"https:\/\/www.cronacaonline.it\/index.php\/2012\/12\/10\/sardegna-isola-dellinnovazione-dallidea-allimpresa-terzo-workshop-sulla-ricerca\/","title":{"rendered":"\u201cSardegna isola dell\u2019innovazione. Dall\u2019idea all\u2019impresa\u201d. Terzo workshop sulla Ricerca"},"content":{"rendered":"<p>Mercoled\u00ec 12 dicembre, alle 8,45 al THotel di Cagliari (via dei Giudicati, 66) si terr\u00e0 il terzo workshop sulla Ricerca, dedicato al tema della finanza, organizzato dall\u2019assessorato regionale alla Programmazione insieme a Sardegna Ricerche, dal titolo: \u201cSardegna Isola dell\u2019innovazione. Dall\u2019idea all\u2019impresa\u201d, per fare il punto sul Decreto Crescita 2.0 e sul sistema delle start up e mettere a confronto e in collegamento le esperienze del sud est asiatico, statunitensi e israeliane, dove l\u2019innovazione \u00e8 da molti anni al centro delle politiche di sviluppo, con le realt\u00e0 del resto d\u2019Italia e della Sardegna.&nbsp;<\/p>\n<p>\u201cPer contrastare l\u2019eventualit\u00e0 che una bassa innovazione scientifica e tecnologica rischi di compromettere la competitivit\u00e0 del sistema economico e produttivo italiano nel mondo \u2013 sottolinea il vice presidente della Regione e assessore della Programmazione, Giorgio La Spisa \u2013vanno rafforzati, affinati e rinnovati, anche con nuove forme integrate di agevolazione, gli strumenti legislativi, finanziari ed organizzativi utilizzati nel passato. La Sardegna sta ponendo le basi proprio su questi fattori in modo da orientarsi verso realt\u00e0 internazionali sempre pi\u00f9 all\u2019avanguardia. Oggi i territori devono imparare ad accogliere ci\u00f2 che c\u2019\u00e8 di nuovo, a coltivare i propri talenti e a importare le migliori intelligenze degli altri: persone dotate di idee, competenze, capacit\u00e0 e spirito imprenditoriale. Con il Decreto Crescita 2.0 si punta a fare dell\u2019Italia un luogo dove l\u2019innovazione rappresenta un valore strutturale di crescita sostenibile e di rafforzamento della competitivit\u00e0 delle imprese\u201d.<\/p>\n<p>Durante il workshop verranno messe in evidenza le novit\u00e0 introdotte dalle nuove norme e si parler\u00e0 inoltre, di quanto gi\u00e0 si \u00e8 fatto e si sta facendo in Sardegna per creare un ecosistema favorevole ai processi innovativi, con l\u2019obiettivo finale di tracciare le linee di una nuova politica regionale che sia in grado di rafforzare quanto gi\u00e0 fatto in un\u2019ottica complementare rispetto ai provvedimenti del Governo contenuti nel dl. Crescita 2.0.<BR>\"Sardegna Ricerche \u00e8 uno degli attori dello sviluppo di un ecosistema dell'innovazione regionale con lo sguardo rivolto alle imprese - afferma Maria Paola Corona, Presidente di Sardegna Ricerche - grazie al nostro impegno sono nate oltre 50 start up innovative negli ultimi 7 anni e altre ne nasceranno a breve. L'investimento in innovazione, ricerca e conoscenza rappresenta la strada maestra per la crescita economica della nostra Isola, soprattutto in momenti di grave crisi come quelli attuali\u201d.Com<BR><\/p>\n","protected":false},"excerpt":{"rendered":"<p>Mercoled\u00ec 12 dicembre, alle 8,45 al THotel di Cagliari (via dei Giudicati, 66) si terr\u00e0 il terzo workshop sulla Ricerca, dedicato al tema della finanza,&#8230;<\/p>\n","protected":false},"author":2,"featured_media":0,"comment_status":"closed","ping_status":"closed","sticky":false,"template":"","format":"standard","meta":[],"categories":[49],"tags":[],"_links":{"self":[{"href":"https:\/\/www.cronacaonline.it\/index.php\/wp-json\/wp\/v2\/posts\/91948"}],"collection":[{"href":"https:\/\/www.cronacaonline.it\/index.php\/wp-json\/wp\/v2\/posts"}],"about":[{"href":"https:\/\/www.cronacaonline.it\/index.php\/wp-json\/wp\/v2\/types\/post"}],"author":[{"embeddable":true,"href":"https:\/\/www.cronacaonline.it\/index.php\/wp-json\/wp\/v2\/users\/2"}],"replies":[{"embeddable":true,"href":"https:\/\/www.cronacaonline.it\/index.php\/wp-json\/wp\/v2\/comments?post=91948"}],"version-history":[{"count":0,"href":"https:\/\/www.cronacaonline.it\/index.php\/wp-json\/wp\/v2\/posts\/91948\/revisions"}],"wp:attachment":[{"href":"https:\/\/www.cronacaonline.it\/index.php\/wp-json\/wp\/v2\/media?parent=91948"}],"wp:term":[{"taxonomy":"category","embeddable":true,"href":"https:\/\/www.cronacaonline.it\/index.php\/wp-json\/wp\/v2\/categories?post=91948"},{"taxonomy":"post_tag","embeddable":true,"href":"https:\/\/www.cronacaonline.it\/index.php\/wp-json\/wp\/v2\/tags?post=91948"}],"curies":[{"name":"wp","href":"https:\/\/api.w.org\/{rel}","templated":true}]}}