{"id":91945,"date":"2012-12-23T15:14:04","date_gmt":"2012-12-23T14:14:04","guid":{"rendered":"http:\/\/www.cronacaonline.it\/public\/content\/index.php\/23\/12\/2012\/bersani-da-monti-parole-serie-ma-ora-cambiamento-ed-equita"},"modified":"2012-12-23T15:14:04","modified_gmt":"2012-12-23T14:14:04","slug":"bersani-da-monti-parole-serie-ma-ora-cambiamento-ed-equita","status":"publish","type":"post","link":"https:\/\/www.cronacaonline.it\/index.php\/2012\/12\/23\/bersani-da-monti-parole-serie-ma-ora-cambiamento-ed-equita\/","title":{"rendered":"Bersani: da Monti parole serie, ma ora cambiamento ed equit\u00e0"},"content":{"rendered":"<p>\"Quelle di Monti sono state parole serie e in qualche caso puntigliose. Rispondo ai suoi ringraziamenti con i miei ringraziamenti per il contributo che ha dato all'Italia guidandola fuori da un rischio di precipizio\". Questo il commento del leader del Pd, Pier Luigi Bersani, alla conferenza stampa di fine anno.del premier Mario Monti<\/p>\n<p>Del lavoro di Monti, ha aggiunto Bersani, \"bisogna preservare quel che si \u00e8 fatto di buono e fare quello che non si \u00e8 fatto fin qui\". Per questo, \"ascolteremo con grande attenzione e rispetto le proposte di Monti\" e \"gi\u00e0 da domani la parola passer\u00e0 agli italiani\".<\/p>\n<p>Bersani rivendica di aver sostenuto il governo Monti \"con lealt\u00e0 e coerenza anche nei momenti e nelle condizioni pi\u00f9 difficili. Non abbiamo ragione di pentircene\".<\/p>\n<p>\"Tuttavia la crisi c'\u00e8 ancora e anzi - avverte - \u00e8 davanti alla sua fase socialmente pi\u00f9 acuta. Forse \u00e8 questo quello che \u00e8 mancato di pi\u00f9 nelle parole, pur apprezzabili, del presidente del Consiglio\".<\/p>\n<p>\"Quanto ai temi di merito indicati da Monti, ci stiamo lavorando da anni - spiega Bersani - con proposte precise in vista di una riscossa italiana fondata su moralit\u00e0 e lavoro. Ascolteremo dunque con grande attenzione e rispetto le proposte di Monti sia laddove coincideranno con le nostre, sia laddove se ne allontaneranno. Quanto alle prospettive politiche, gi\u00e0 da domani la parola passer\u00e0 agli italiani\".<\/p>\n","protected":false},"excerpt":{"rendered":"<p>&#8220;Quelle di Monti sono state parole serie e in qualche caso puntigliose. Rispondo ai suoi ringraziamenti con i miei ringraziamenti per il contributo che ha&#8230;<\/p>\n","protected":false},"author":2,"featured_media":0,"comment_status":"closed","ping_status":"closed","sticky":false,"template":"","format":"standard","meta":[],"categories":[49],"tags":[],"_links":{"self":[{"href":"https:\/\/www.cronacaonline.it\/index.php\/wp-json\/wp\/v2\/posts\/91945"}],"collection":[{"href":"https:\/\/www.cronacaonline.it\/index.php\/wp-json\/wp\/v2\/posts"}],"about":[{"href":"https:\/\/www.cronacaonline.it\/index.php\/wp-json\/wp\/v2\/types\/post"}],"author":[{"embeddable":true,"href":"https:\/\/www.cronacaonline.it\/index.php\/wp-json\/wp\/v2\/users\/2"}],"replies":[{"embeddable":true,"href":"https:\/\/www.cronacaonline.it\/index.php\/wp-json\/wp\/v2\/comments?post=91945"}],"version-history":[{"count":0,"href":"https:\/\/www.cronacaonline.it\/index.php\/wp-json\/wp\/v2\/posts\/91945\/revisions"}],"wp:attachment":[{"href":"https:\/\/www.cronacaonline.it\/index.php\/wp-json\/wp\/v2\/media?parent=91945"}],"wp:term":[{"taxonomy":"category","embeddable":true,"href":"https:\/\/www.cronacaonline.it\/index.php\/wp-json\/wp\/v2\/categories?post=91945"},{"taxonomy":"post_tag","embeddable":true,"href":"https:\/\/www.cronacaonline.it\/index.php\/wp-json\/wp\/v2\/tags?post=91945"}],"curies":[{"name":"wp","href":"https:\/\/api.w.org\/{rel}","templated":true}]}}