{"id":91929,"date":"2012-12-28T15:14:04","date_gmt":"2012-12-28T14:14:04","guid":{"rendered":"http:\/\/www.cronacaonline.it\/public\/content\/index.php\/28\/12\/2012\/sanita---disabili-giunta-proroga-progetti-personalizzati-de-francisci-33-mila-coinvolti-nessun-taglio"},"modified":"2012-12-28T15:14:04","modified_gmt":"2012-12-28T14:14:04","slug":"sanita-disabili-giunta-proroga-progetti-personalizzati-de-francisci-33-mila-coinvolti-nessun-taglio","status":"publish","type":"post","link":"https:\/\/www.cronacaonline.it\/index.php\/2012\/12\/28\/sanita-disabili-giunta-proroga-progetti-personalizzati-de-francisci-33-mila-coinvolti-nessun-taglio\/","title":{"rendered":"Sanit\u00e0 &#8211; Disabili; giunta proroga progetti personalizzati, De Francisci &#8220;33 mila coinvolti, nessun taglio&#8221;"},"content":{"rendered":"<p>La Giunta regionale ha deliberato in via definitiva i nuovi criteri per i progetti personalizzati per le persone con disabilit\u00e0 grave della legge 162. \"Voglio tranquillizare le famiglie sarde. Con la seduta di&nbsp;<A href=\"javascript:mails_addtocal(1,%22oggi%22);\"><FONT color=#0000ff>oggi<\/FONT><\/A>&nbsp;abbiamo deciso di modificare la bozza della deliberazione -&nbsp;spiega &nbsp;l'assessore Simona De Francisci - dopo aver proficuamente collaborato con l'intera commissione Sanit\u00e0 del Consiglio Regionale: prevediamo nell'immediato la proroga di tutti i progetti in corso fino al marzo 2013, senza che sia apportano nemmeno un euro di taglio: infatti per una errata interpretazione tecnica le 33 mila persone con disabilit\u00e0 grave rischiavano di veder ridotte di quasi il 50% il loro budget mensile.<\/p>\n<p>Ovviamente questo era inaccettabile per noi - prosegue l'esponente della Giunta&nbsp;- e grazie ad un importante lavoro con la Commissione del Consiglio regionale abbiamo trovato la giusta soluzione.&nbsp; Nel frattempo apriamo i termini per i progetti per i vecchi e nuovi casi del prossimo anno, confermando sostanzialmente le regole dello scorso anno, in attesa che la Commissione tecnica che ho nominato concluda i suoli lavori, per poter dare per tempo soluzione ai problemi che ci sono\".<\/p>\n<p>\"La legge, nella sua applicazione sarda, rimane - conclude De Francisci - un modello di eccellenza in Italia e la nostra volont\u00e0 non pu\u00f2 che essere di miglioramento, in favore delle persone pi\u00f9 in difficolt\u00e0\". Com<\/p>\n","protected":false},"excerpt":{"rendered":"<p>La Giunta regionale ha deliberato in via definitiva i nuovi criteri per i progetti personalizzati per le persone con disabilit\u00e0 grave della legge 162. &#8220;Voglio&#8230;<\/p>\n","protected":false},"author":2,"featured_media":0,"comment_status":"closed","ping_status":"closed","sticky":false,"template":"","format":"standard","meta":[],"categories":[49],"tags":[],"_links":{"self":[{"href":"https:\/\/www.cronacaonline.it\/index.php\/wp-json\/wp\/v2\/posts\/91929"}],"collection":[{"href":"https:\/\/www.cronacaonline.it\/index.php\/wp-json\/wp\/v2\/posts"}],"about":[{"href":"https:\/\/www.cronacaonline.it\/index.php\/wp-json\/wp\/v2\/types\/post"}],"author":[{"embeddable":true,"href":"https:\/\/www.cronacaonline.it\/index.php\/wp-json\/wp\/v2\/users\/2"}],"replies":[{"embeddable":true,"href":"https:\/\/www.cronacaonline.it\/index.php\/wp-json\/wp\/v2\/comments?post=91929"}],"version-history":[{"count":0,"href":"https:\/\/www.cronacaonline.it\/index.php\/wp-json\/wp\/v2\/posts\/91929\/revisions"}],"wp:attachment":[{"href":"https:\/\/www.cronacaonline.it\/index.php\/wp-json\/wp\/v2\/media?parent=91929"}],"wp:term":[{"taxonomy":"category","embeddable":true,"href":"https:\/\/www.cronacaonline.it\/index.php\/wp-json\/wp\/v2\/categories?post=91929"},{"taxonomy":"post_tag","embeddable":true,"href":"https:\/\/www.cronacaonline.it\/index.php\/wp-json\/wp\/v2\/tags?post=91929"}],"curies":[{"name":"wp","href":"https:\/\/api.w.org\/{rel}","templated":true}]}}