{"id":91925,"date":"2012-12-10T15:14:04","date_gmt":"2012-12-10T14:14:04","guid":{"rendered":"http:\/\/www.cronacaonline.it\/public\/content\/index.php\/10\/12\/2012\/pregiudicato-sassarese-in-manette-per-tentato-furto-aggravato"},"modified":"2012-12-10T15:14:04","modified_gmt":"2012-12-10T14:14:04","slug":"pregiudicato-sassarese-in-manette-per-tentato-furto-aggravato","status":"publish","type":"post","link":"https:\/\/www.cronacaonline.it\/index.php\/2012\/12\/10\/pregiudicato-sassarese-in-manette-per-tentato-furto-aggravato\/","title":{"rendered":"Pregiudicato sassarese in manette per tentato furto aggravato."},"content":{"rendered":"<p>Nel tardo pomeriggio del giorno 8 dicembre scorso, i Carabinieri del Nucleo Radiomobile della Compagnia di&nbsp; Sassari hanno arrestato Antonio Pilo, 33enne del luogo.<\/p>\n<p>Il pregiudicato \u00e8 stato sorpreso in Via Deledda all'interno di una macelleria, mentre cerca di rubare del denaro contante contenuto nella cassa ed un intero set di coltelli professionali.<\/p>\n<p>Il malvivente vistosi scoperto ha tentato di darsi alla fuga ma \u00e8 stato bloccato poco dopo una colluttazione avuta con i militari. Tutta la refurtiva \u00e8 stata restituita al proprietario. L'arrestato quindi \u00e8 stato trattenuto in camera di sicurezza e questa mattina il giudice di Sassari nel convalidare l'arresto ha disposto per lui la detenzione carceraria.<\/p>\n","protected":false},"excerpt":{"rendered":"<p>Nel tardo pomeriggio del giorno 8 dicembre scorso, i Carabinieri del Nucleo Radiomobile della Compagnia di&nbsp; Sassari hanno arrestato Antonio Pilo, 33enne del luogo. Il&#8230;<\/p>\n","protected":false},"author":2,"featured_media":0,"comment_status":"closed","ping_status":"closed","sticky":false,"template":"","format":"standard","meta":[],"categories":[49],"tags":[],"_links":{"self":[{"href":"https:\/\/www.cronacaonline.it\/index.php\/wp-json\/wp\/v2\/posts\/91925"}],"collection":[{"href":"https:\/\/www.cronacaonline.it\/index.php\/wp-json\/wp\/v2\/posts"}],"about":[{"href":"https:\/\/www.cronacaonline.it\/index.php\/wp-json\/wp\/v2\/types\/post"}],"author":[{"embeddable":true,"href":"https:\/\/www.cronacaonline.it\/index.php\/wp-json\/wp\/v2\/users\/2"}],"replies":[{"embeddable":true,"href":"https:\/\/www.cronacaonline.it\/index.php\/wp-json\/wp\/v2\/comments?post=91925"}],"version-history":[{"count":0,"href":"https:\/\/www.cronacaonline.it\/index.php\/wp-json\/wp\/v2\/posts\/91925\/revisions"}],"wp:attachment":[{"href":"https:\/\/www.cronacaonline.it\/index.php\/wp-json\/wp\/v2\/media?parent=91925"}],"wp:term":[{"taxonomy":"category","embeddable":true,"href":"https:\/\/www.cronacaonline.it\/index.php\/wp-json\/wp\/v2\/categories?post=91925"},{"taxonomy":"post_tag","embeddable":true,"href":"https:\/\/www.cronacaonline.it\/index.php\/wp-json\/wp\/v2\/tags?post=91925"}],"curies":[{"name":"wp","href":"https:\/\/api.w.org\/{rel}","templated":true}]}}