{"id":91922,"date":"2012-12-28T15:14:04","date_gmt":"2012-12-28T14:14:04","guid":{"rendered":"http:\/\/www.cronacaonline.it\/public\/content\/index.php\/28\/12\/2012\/csl-cesil-liori-stasera-in-giunta-delibera-per-prosecuzione-attivita"},"modified":"2012-12-28T15:14:04","modified_gmt":"2012-12-28T14:14:04","slug":"csl-cesil-liori-stasera-in-giunta-delibera-per-prosecuzione-attivita","status":"publish","type":"post","link":"https:\/\/www.cronacaonline.it\/index.php\/2012\/12\/28\/csl-cesil-liori-stasera-in-giunta-delibera-per-prosecuzione-attivita\/","title":{"rendered":"Csl-Cesil, Liori: Stasera in Giunta delibera per prosecuzione attivit\u00e0"},"content":{"rendered":"<p>\"Stasera porter\u00f2 in Giunta la delibera che disciplina le modalit\u00e0 per la prosecuzione dell'attivit\u00e0 dei Csl e dei Cesil dal 1 gennaio 2013.\" Lo ha detto l'assessore del Lavoro, Antonello Liori, questa mattina durante l'incontro in Assessorato con una folta delegazione di lavoratori dei Centri servizi per il lavoro. \"Con queste direttive consentiremo alle Amministrazioni interessate di adottare gli atti necessari per la salvaguardia del servizio pubblico finora erogato - ha aggiunto Liori - Rispettando la legge recentemente approvata in Consiglio regionale e le norme governative sul precariato, i contratti potranno essere prorogati fino al 31 luglio 2013.<\/p>\n<p>Dopo tanti anni di incertezze, finalmente il servizio garantito da Csl e Cesil e gli oltre 400 lavoratori coinvolti potrebbero trovare la definitiva soluzione - ha concluso Liori - Se trovarla \u00e8 stato tanto difficile non \u00e8 certo responsabilit\u00e0 di questa Giunta, ma il frutto di un provvedimento del 2005. Tanto che, dal giorno del mio arrivo all\u2019Assessorato del Lavoro, mi sono subito adoperato per predisporre, dopo sette anni di incertezze, un\u2019indispensabile riorganizzazione del sistema, anche in funzione della valorizzazione delle risorse umane impiegate in questi anni. Ora, il ddl, approvato all\u2019unanimit\u00e0 dalla Commissione consiliare, \u00e8 all\u2019attenzione del Consiglio regionale, che e' ben consapevole dell\u2019urgenza del provvedimento.\"<\/p>\n","protected":false},"excerpt":{"rendered":"<p>&#8220;Stasera porter\u00f2 in Giunta la delibera che disciplina le modalit\u00e0 per la prosecuzione dell&#8217;attivit\u00e0 dei Csl e dei Cesil dal 1 gennaio 2013.&#8221; Lo ha&#8230;<\/p>\n","protected":false},"author":2,"featured_media":0,"comment_status":"closed","ping_status":"closed","sticky":false,"template":"","format":"standard","meta":[],"categories":[49],"tags":[],"_links":{"self":[{"href":"https:\/\/www.cronacaonline.it\/index.php\/wp-json\/wp\/v2\/posts\/91922"}],"collection":[{"href":"https:\/\/www.cronacaonline.it\/index.php\/wp-json\/wp\/v2\/posts"}],"about":[{"href":"https:\/\/www.cronacaonline.it\/index.php\/wp-json\/wp\/v2\/types\/post"}],"author":[{"embeddable":true,"href":"https:\/\/www.cronacaonline.it\/index.php\/wp-json\/wp\/v2\/users\/2"}],"replies":[{"embeddable":true,"href":"https:\/\/www.cronacaonline.it\/index.php\/wp-json\/wp\/v2\/comments?post=91922"}],"version-history":[{"count":0,"href":"https:\/\/www.cronacaonline.it\/index.php\/wp-json\/wp\/v2\/posts\/91922\/revisions"}],"wp:attachment":[{"href":"https:\/\/www.cronacaonline.it\/index.php\/wp-json\/wp\/v2\/media?parent=91922"}],"wp:term":[{"taxonomy":"category","embeddable":true,"href":"https:\/\/www.cronacaonline.it\/index.php\/wp-json\/wp\/v2\/categories?post=91922"},{"taxonomy":"post_tag","embeddable":true,"href":"https:\/\/www.cronacaonline.it\/index.php\/wp-json\/wp\/v2\/tags?post=91922"}],"curies":[{"name":"wp","href":"https:\/\/api.w.org\/{rel}","templated":true}]}}