{"id":91921,"date":"2012-12-09T15:14:04","date_gmt":"2012-12-09T14:14:04","guid":{"rendered":"http:\/\/www.cronacaonline.it\/public\/content\/index.php\/09\/12\/2012\/bersani-da-monti-atto-di-dignita-che-rispettiamo"},"modified":"2012-12-09T15:14:04","modified_gmt":"2012-12-09T14:14:04","slug":"bersani-da-monti-atto-di-dignita-che-rispettiamo","status":"publish","type":"post","link":"https:\/\/www.cronacaonline.it\/index.php\/2012\/12\/09\/bersani-da-monti-atto-di-dignita-che-rispettiamo\/","title":{"rendered":"Bersani: da Monti atto di dignit\u00e0 che rispettiamo"},"content":{"rendered":"<p>\"Di fronte alla irresponsabilit\u00e0' della destra che ha tradito l'impegno assunto un anno fa davanti al paese, aprendo di fatto la campagna elettorale, il presidente Monti ha risposto con un atto di dignit\u00e0' che rispettiamo profondamente. Per c\u00f2' che ci riguarda siamo pronti ad operare per l'approvazione nei tempi pi\u00f9 rapidi della legge di stabilit\u00e0\u201d. Lo ha dichiarato il segretario del Pd, Pierluigi Bersani.<\/p>\n<p>Casini: bene Monti che non vuole galleggiar: \"Chi pensava di costringere Monti a galleggiare ora \u00e8 servito\". Lo scrive Pier Ferdinando Casini, leader dell'Udc, su Twitter.<\/p>\n<p>Fini: da Monti alto senso delle istituzioni: \"La decisione di Monti di dimettersi gli fa onore. Dimostra alto senso di responsabili\u00e0' istituzionale\". Lo dichiara il Presidente della Camera dei deputati, Gianfranco Fini.<BR><\/p>\n","protected":false},"excerpt":{"rendered":"<p>&#8220;Di fronte alla irresponsabilit\u00e0&#8217; della destra che ha tradito l&#8217;impegno assunto un anno fa davanti al paese, aprendo di fatto la campagna elettorale, il presidente&#8230;<\/p>\n","protected":false},"author":2,"featured_media":0,"comment_status":"closed","ping_status":"closed","sticky":false,"template":"","format":"standard","meta":[],"categories":[49],"tags":[],"_links":{"self":[{"href":"https:\/\/www.cronacaonline.it\/index.php\/wp-json\/wp\/v2\/posts\/91921"}],"collection":[{"href":"https:\/\/www.cronacaonline.it\/index.php\/wp-json\/wp\/v2\/posts"}],"about":[{"href":"https:\/\/www.cronacaonline.it\/index.php\/wp-json\/wp\/v2\/types\/post"}],"author":[{"embeddable":true,"href":"https:\/\/www.cronacaonline.it\/index.php\/wp-json\/wp\/v2\/users\/2"}],"replies":[{"embeddable":true,"href":"https:\/\/www.cronacaonline.it\/index.php\/wp-json\/wp\/v2\/comments?post=91921"}],"version-history":[{"count":0,"href":"https:\/\/www.cronacaonline.it\/index.php\/wp-json\/wp\/v2\/posts\/91921\/revisions"}],"wp:attachment":[{"href":"https:\/\/www.cronacaonline.it\/index.php\/wp-json\/wp\/v2\/media?parent=91921"}],"wp:term":[{"taxonomy":"category","embeddable":true,"href":"https:\/\/www.cronacaonline.it\/index.php\/wp-json\/wp\/v2\/categories?post=91921"},{"taxonomy":"post_tag","embeddable":true,"href":"https:\/\/www.cronacaonline.it\/index.php\/wp-json\/wp\/v2\/tags?post=91921"}],"curies":[{"name":"wp","href":"https:\/\/api.w.org\/{rel}","templated":true}]}}