{"id":91920,"date":"2012-12-29T15:14:04","date_gmt":"2012-12-29T14:14:04","guid":{"rendered":"http:\/\/www.cronacaonline.it\/public\/content\/index.php\/29\/12\/2012\/monti-mi-candido-a-premier-con-mia-agenda-per-litalia"},"modified":"2012-12-29T15:14:04","modified_gmt":"2012-12-29T14:14:04","slug":"monti-mi-candido-a-premier-con-mia-agenda-per-litalia","status":"publish","type":"post","link":"https:\/\/www.cronacaonline.it\/index.php\/2012\/12\/29\/monti-mi-candido-a-premier-con-mia-agenda-per-litalia\/","title":{"rendered":"Monti: mi candido a premier con mia agenda per l&#8217;Italia"},"content":{"rendered":"<p><P style=\"MARGIN: 0cm 0cm 10pt\" class=MsoNormal>Mario Monti si candida alla premiership del Paese, dando vita ad una coalizione politica con \"vocazione maggioritaria\" composta da una 'sua' lista elettorale rivolta principalmente alla societ\u00e0 civile alleata con partiti politici tradizionali, come Udc e Fli. Al voto, la formazione si presenter\u00e0 con una unica lista in Senato e pi\u00f9 liste alla Camera, ma con un denominatore comune nello slogan \"Agenda Monti per l'Italia\".<\/p>\n<p>Alla fine il professore rompe gli indugi, chiarendo definitivamente che non solo sara' in campo nelle elezione di fine febbraio, ma ci sar\u00e0 da leader di uno schieramento che non punta a collocarsi al centro dello schieramento, ma mira dritto alla societ\u00e0 civile e ai tanti delusi dalla politica che vogliono riformare l'Italia.<\/p>\n<p>L'annuncio arriva al termine di un vertice fiume con centristi e 'montiani' che sostengono la sua Agenda. Riunione che, secondo un partecipante, si \u00e8 svolta nel convento delle suore di Sion, fra Trastevere e Monteverde. Nel corso della quale, nonostante il pressing di quanti volevano una sola lista anche a Montecitorio, il premier decide di optare per liste separate a Montecitorio.<\/p>\n<p>I motivi sono principalmente tre : non vuole 'contaminare' troppo la sua offerta politica; la legge elettorale consiglia di restare separati alla Camera (al Senato la scelta \u00e8 obbligata); infine, la par condicio limiterebbe troppo gli spazi tv.<\/p>\n<p>Terminato il vertice, Monti a sorpresa convoca una conferenza stampa in Senato: e' chiaro che non intende attendere ne' il discorso di Capodanno del capo dello Stato; ne' nuovi sondaggi. Il dado e tratto e ormai deve annunciarlo al Paese. Spiega che \"l'emergenza non e' finita\" perch\u00e9 nonostante il \"seme\" posto in quest'anno di governo, \"moltissimo resta\" da fare, soprattutto per la crescita e l'occupazione. Il suo impegno politico, precisa subito, non e' rivolto solo al \"centro\", ne' vuole \"inserirsi fra destra e sinistra\".<\/p>\n<p>Semmai punta a \"rompere barriere e confini\" per \"introdurre nuovi criteri di aggregazione\" politica. Monti si colloca sopra le parti, nel senso che punta a chiunque sia \"disposto a impegnarsi per le riforme\", vincendo le resistenze di \"corporazioni, lobby e forme arcaiche di sindacalismo\". Un'operazione di \"rinnovamento\" della politica, ci tiene a sottolineare, che rifiuti \"promesse elettorali vacue e populismo\".<\/p>\n<p>L'elettorato a cui si rivolge \u00e8 quello di chi abbia voglia di cambiamento e non sia rappresentato da nessun partito. In una parola i potenziali astenuti. Una platea molto vasta. E non a caso ammette candidamente di avere una \"vocazione maggioritaria\". E in caso arrivasse secondo? \"Credo che potremo avere risultati significativi\", risponde, aggiungendo un britannico \"Wait and see'...\".<\/p>\n<p>Il suo, precisa per\u00f2, non \u00e8 un partito perch\u00e9 non \u00e8 \"l'uomo della provvidenza\". Semmai una \"formazione politica\", un \"rassemblement\" di diverse forze, unite da uno \"statuto\" e \"standard\" esigenti e molto rigidi. Perch\u00e9 chiarisce a scanso di equivoci, sar\u00e0 lui a \"vigilare\" sulle candidature, anche delle liste alleate. Con l'aiuto di Enrico Bondi che valuter\u00e0 pendenze penali e eventuali \"conflitti d'interesse\". Un punto su cui Monti insiste molto, e nel farlo sottolinea che \"anche il presidente Casini\" ha accolto le sue condizioni. E non \u00e8 un caso che citi proprio l'Udc.<\/p>\n<p>In cambio del via libera a questi rigidi criteri di \"governance\", spiega, ha accettato di \"essere capo della coalizione\". Precisa che non rinuncer\u00e0 al seggio di senatore a vita, perch\u00e9 \u00e8 un \"onore\" concessogli dal presidente Napolitano, ma soprattutto perch\u00e9 ritiene che la \"legittimazione popolare\" della sua agenda sia molto \"pi\u00f9 significativa\" dell'elezione in un collegio.<\/p>\n<p>Respinge le accuse del Pdl, sottolineando che tanti presidenti del Consiglio prima di lui hanno fatto campagna elettorale. E fa capire che sar\u00e0 pi\u00f9 in televisione che nei comizi. Infine, pur dicendosi \"grato\" per il sostegno del Vaticano, ci tiene a sottolineare che \"la nuova formazione politica unisce credenti e non credenti\" e che \u00e8 \"molto importante rispettare la libert\u00e0 di coscienza\" individuale su certi temi.<\/p>\n","protected":false},"excerpt":{"rendered":"<p>Mario Monti si candida alla premiership del Paese, dando vita ad una coalizione politica con &#8220;vocazione maggioritaria&#8221; composta da una &#8216;sua&#8217; lista elettorale rivolta principalmente&#8230;<\/p>\n","protected":false},"author":2,"featured_media":0,"comment_status":"closed","ping_status":"closed","sticky":false,"template":"","format":"standard","meta":[],"categories":[49],"tags":[],"_links":{"self":[{"href":"https:\/\/www.cronacaonline.it\/index.php\/wp-json\/wp\/v2\/posts\/91920"}],"collection":[{"href":"https:\/\/www.cronacaonline.it\/index.php\/wp-json\/wp\/v2\/posts"}],"about":[{"href":"https:\/\/www.cronacaonline.it\/index.php\/wp-json\/wp\/v2\/types\/post"}],"author":[{"embeddable":true,"href":"https:\/\/www.cronacaonline.it\/index.php\/wp-json\/wp\/v2\/users\/2"}],"replies":[{"embeddable":true,"href":"https:\/\/www.cronacaonline.it\/index.php\/wp-json\/wp\/v2\/comments?post=91920"}],"version-history":[{"count":0,"href":"https:\/\/www.cronacaonline.it\/index.php\/wp-json\/wp\/v2\/posts\/91920\/revisions"}],"wp:attachment":[{"href":"https:\/\/www.cronacaonline.it\/index.php\/wp-json\/wp\/v2\/media?parent=91920"}],"wp:term":[{"taxonomy":"category","embeddable":true,"href":"https:\/\/www.cronacaonline.it\/index.php\/wp-json\/wp\/v2\/categories?post=91920"},{"taxonomy":"post_tag","embeddable":true,"href":"https:\/\/www.cronacaonline.it\/index.php\/wp-json\/wp\/v2\/tags?post=91920"}],"curies":[{"name":"wp","href":"https:\/\/api.w.org\/{rel}","templated":true}]}}