{"id":91917,"date":"2012-12-28T15:14:04","date_gmt":"2012-12-28T14:14:04","guid":{"rendered":"http:\/\/www.cronacaonline.it\/public\/content\/index.php\/28\/12\/2012\/mara-sanna-e-la-nuova-priora-di-pozzo-san-nicola-il-24-dicembre-scambio-della-bandiera-con-lobriere-uscente"},"modified":"2012-12-28T15:14:04","modified_gmt":"2012-12-28T14:14:04","slug":"mara-sanna-e-la-nuova-priora-di-pozzo-san-nicola-il-24-dicembre-scambio-della-bandiera-con-lobriere-uscente","status":"publish","type":"post","link":"https:\/\/www.cronacaonline.it\/index.php\/2012\/12\/28\/mara-sanna-e-la-nuova-priora-di-pozzo-san-nicola-il-24-dicembre-scambio-della-bandiera-con-lobriere-uscente\/","title":{"rendered":"Mara Sanna \u00e8 la nuova priora di Pozzo San Nicola: il 24 dicembre scambio della bandiera con l\u2019obriere uscente."},"content":{"rendered":"<p>Ha soltanto vent\u2019anni ed \u00e8 la nuova priora di Pozzo San Nicola. Mara Sanna la notte del 24 dicembre, durante la messa di Natale, ha ricevuto la bandiera dalla priora uscente, Maria Gavina Manunta che per un anno ha portato la bandiera del santo patrono della borgata alle porte di Stintino.<\/p>\n<p>Mara Sanna \u00e8 la quarta donna a portare il vessillo del santo. Da quando infatti nel 2009 la bandiera \u00e8 passata da Luciano Orr\u00f9 a Maria Busia, la bandiera \u00e8 sempre andata a una donna: nel 2010 \u00e8 stata custodita da Vanna Pinna quindi nel 2011 \u00e8 andata a Maria Gavina Manunta. Nel 2009 poi, la priora Maria Busia ha fatto realizzare una bandiera nuova che da quell\u2019anno viene portata in processione assieme alla bandiera storica della borgata.<\/p>\n<p>La cerimonia del cambio della bandiera si \u00e8 svolta nella chiesa della borgata, alla presenza di numerosi fedeli e della consigliera comunale Giovanna Pinna con delega alla borgata di Pozzo San Nicola. Com<\/p>\n","protected":false},"excerpt":{"rendered":"<p>Ha soltanto vent\u2019anni ed \u00e8 la nuova priora di Pozzo San Nicola. Mara Sanna la notte del 24 dicembre, durante la messa di Natale, ha&#8230;<\/p>\n","protected":false},"author":2,"featured_media":0,"comment_status":"closed","ping_status":"closed","sticky":false,"template":"","format":"standard","meta":[],"categories":[49],"tags":[],"_links":{"self":[{"href":"https:\/\/www.cronacaonline.it\/index.php\/wp-json\/wp\/v2\/posts\/91917"}],"collection":[{"href":"https:\/\/www.cronacaonline.it\/index.php\/wp-json\/wp\/v2\/posts"}],"about":[{"href":"https:\/\/www.cronacaonline.it\/index.php\/wp-json\/wp\/v2\/types\/post"}],"author":[{"embeddable":true,"href":"https:\/\/www.cronacaonline.it\/index.php\/wp-json\/wp\/v2\/users\/2"}],"replies":[{"embeddable":true,"href":"https:\/\/www.cronacaonline.it\/index.php\/wp-json\/wp\/v2\/comments?post=91917"}],"version-history":[{"count":0,"href":"https:\/\/www.cronacaonline.it\/index.php\/wp-json\/wp\/v2\/posts\/91917\/revisions"}],"wp:attachment":[{"href":"https:\/\/www.cronacaonline.it\/index.php\/wp-json\/wp\/v2\/media?parent=91917"}],"wp:term":[{"taxonomy":"category","embeddable":true,"href":"https:\/\/www.cronacaonline.it\/index.php\/wp-json\/wp\/v2\/categories?post=91917"},{"taxonomy":"post_tag","embeddable":true,"href":"https:\/\/www.cronacaonline.it\/index.php\/wp-json\/wp\/v2\/tags?post=91917"}],"curies":[{"name":"wp","href":"https:\/\/api.w.org\/{rel}","templated":true}]}}