{"id":91912,"date":"2012-12-19T15:14:04","date_gmt":"2012-12-19T14:14:04","guid":{"rendered":"http:\/\/www.cronacaonline.it\/public\/content\/index.php\/19\/12\/2012\/mozione-indipendenza-colli-psdaz-voto-certifica-distanza-incolmabile-di-parte-consiglio-regionale-da-societa-reale"},"modified":"2012-12-19T15:14:04","modified_gmt":"2012-12-19T14:14:04","slug":"mozione-indipendenza-colli-psdaz-voto-certifica-distanza-incolmabile-di-parte-consiglio-regionale-da-societa-reale","status":"publish","type":"post","link":"https:\/\/www.cronacaonline.it\/index.php\/2012\/12\/19\/mozione-indipendenza-colli-psdaz-voto-certifica-distanza-incolmabile-di-parte-consiglio-regionale-da-societa-reale\/","title":{"rendered":"Mozione indipendenza: Colli (Psd&#8217;Az), voto certifica distanza incolmabile di parte consiglio regionale da societ\u00e0 reale"},"content":{"rendered":"<p>\u201cIl pronunciamento del Consiglio regionale sulla nostra mozione per l\u2019indipendenza della Sardegna&nbsp;ha ben evidenziato l\u2019incapacit\u00e0 di alcune parti politiche di cogliere ed interpretare una sensibilit\u00e0 popolare che \u00e8&nbsp;<A href=\"javascript:mails_addtocal(1,%22oggi%22);\"><FONT color=#0000ff>oggi<\/FONT><\/A>&nbsp;largamente diffusa, certificando per l\u2019ennesima volta la distanza che le separa dalla societ\u00e0 reale, ed anche una nota e ricorrente sudditanza psicologica nei confronti delle centrali partitiche romane\u201d. <\/p>\n<p>Lo ha dichiarato il Segretario Nazionale del Psd\u2019az Giovanni Angelo Colli, commentando l\u2019esito del dibattito odierno inConsiglio regionale&nbsp;sulla mozione sardista che richiedeva che&nbsp;la dichiarazione di indipendenza della Sardegna fosse sottoposta al voto del popolo sardo attraverso il referendum consultivo. \u201cDobbiamo purtroppo registrare che per alcuni consiglieri regionali vale maggiormente&nbsp;l\u2019obbligo di difendere la formale unit\u00e0 della Repubblica italiana che quella nazionale del Popolo sardo, come chiaramente dimostrato dalle&nbsp;eccezioni sollevate&nbsp;\u2013 prosegue Colli \u2013 al fine di negare il diritto del Popolo sardo di esprimersi liberamente attraverso lo strumento democratico del voto\u201d.<\/p>\n<p>Ma per il Segretario Colli, si tratta comunque di un risultato positivo poich\u00e9 \u201cattraverso la mozione \u00e8 stato segnato molto chiaramente il perimetro entro il quale intendiamo portare avanti il processo di indipendenza della Sardegna, che non potr\u00e0 in nessun caso prescindere dall\u2019effettivo e profondo coinvolgimento di tutti i sardi ed ancor prima da una condivisione politica, che sia la pi\u00f9 ampia possibile\u201d<\/p>\n","protected":false},"excerpt":{"rendered":"<p>\u201cIl pronunciamento del Consiglio regionale sulla nostra mozione per l\u2019indipendenza della Sardegna&nbsp;ha ben evidenziato l\u2019incapacit\u00e0 di alcune parti politiche di cogliere ed interpretare una sensibilit\u00e0&#8230;<\/p>\n","protected":false},"author":2,"featured_media":0,"comment_status":"closed","ping_status":"closed","sticky":false,"template":"","format":"standard","meta":[],"categories":[49],"tags":[],"_links":{"self":[{"href":"https:\/\/www.cronacaonline.it\/index.php\/wp-json\/wp\/v2\/posts\/91912"}],"collection":[{"href":"https:\/\/www.cronacaonline.it\/index.php\/wp-json\/wp\/v2\/posts"}],"about":[{"href":"https:\/\/www.cronacaonline.it\/index.php\/wp-json\/wp\/v2\/types\/post"}],"author":[{"embeddable":true,"href":"https:\/\/www.cronacaonline.it\/index.php\/wp-json\/wp\/v2\/users\/2"}],"replies":[{"embeddable":true,"href":"https:\/\/www.cronacaonline.it\/index.php\/wp-json\/wp\/v2\/comments?post=91912"}],"version-history":[{"count":0,"href":"https:\/\/www.cronacaonline.it\/index.php\/wp-json\/wp\/v2\/posts\/91912\/revisions"}],"wp:attachment":[{"href":"https:\/\/www.cronacaonline.it\/index.php\/wp-json\/wp\/v2\/media?parent=91912"}],"wp:term":[{"taxonomy":"category","embeddable":true,"href":"https:\/\/www.cronacaonline.it\/index.php\/wp-json\/wp\/v2\/categories?post=91912"},{"taxonomy":"post_tag","embeddable":true,"href":"https:\/\/www.cronacaonline.it\/index.php\/wp-json\/wp\/v2\/tags?post=91912"}],"curies":[{"name":"wp","href":"https:\/\/api.w.org\/{rel}","templated":true}]}}