{"id":91910,"date":"2012-12-06T15:14:04","date_gmt":"2012-12-06T14:14:04","guid":{"rendered":"http:\/\/www.cronacaonline.it\/public\/content\/index.php\/06\/12\/2012\/la-spisa-superare-la-crisi-da-sardi-che-vogliono-cooperare"},"modified":"2012-12-06T15:14:04","modified_gmt":"2012-12-06T14:14:04","slug":"la-spisa-superare-la-crisi-da-sardi-che-vogliono-cooperare","status":"publish","type":"post","link":"https:\/\/www.cronacaonline.it\/index.php\/2012\/12\/06\/la-spisa-superare-la-crisi-da-sardi-che-vogliono-cooperare\/","title":{"rendered":"La Spisa: \u201cSuperare la crisi da sardi che vogliono cooperare\u201d"},"content":{"rendered":"<p>\u201cA causa del Patto di stabilit\u00e0, meccanismo che deve essere corretto, il prossimo anno la nostra regione sar\u00e0 portata a poter spendere ottocento milioni in meno. Per questo dobbiamo pensare a politiche che non siano basate sulla spesa ma che utilizzino la cooperazione come strumento importantissimo come ad esempio sul welfare. In Sardegna abbiamo avviato nuovi strumenti per facilitare l\u2019accesso al credito e stiamo portando avanti azioni importanti per rilanciare le aree di crisi con nuove opportunit\u00e0 per le imprese. Possiamo superare la crisi solo da sardi che vogliono mettersi insieme e cooperare\u201d.<\/p>\n<p>E\u2019 quanto affermato oggi dal vice presidente della Regione e assessore della Programmazione, Giorgio La Spisa, intervenendo al convegno organizzato da Acgi, Confcooperative e Legacoop, per celebare l\u2019anno internazionale delle cooperative.<\/p>\n<p>\u201cAccogliamo con favore l\u2019iniziativa odierna perch\u00e9 oggi pi\u00f9 che mai il modello cooperativo pu\u00f2 e deve essere decisivo \u2013 ha sottolineato La Spisa - cattolici e laici che hanno cooperato insieme, storicamente hanno creato uno sviluppo economico e sociale di cui oggi godiamo i risultati ma che rischiamo di perdere se non si recuperano quelle radici del rapporto sociale. Su questo oggi la cooperazione pu\u00f2 dare un grande risultato. Liberismo e statalismo hanno fallito perch\u00e9 si sono messi insieme creando un accordo fraudolento. In questo momento di sconvolgimenti politici dobbiamo abbattere le barriere ideologiche che destra e sinistra hanno creato e pensare a nuovi progetti di governo per il bene del paese\u201d. <\/p>\n","protected":false},"excerpt":{"rendered":"<p>\u201cA causa del Patto di stabilit\u00e0, meccanismo che deve essere corretto, il prossimo anno la nostra regione sar\u00e0 portata a poter spendere ottocento milioni in&#8230;<\/p>\n","protected":false},"author":2,"featured_media":0,"comment_status":"closed","ping_status":"closed","sticky":false,"template":"","format":"standard","meta":[],"categories":[49],"tags":[],"_links":{"self":[{"href":"https:\/\/www.cronacaonline.it\/index.php\/wp-json\/wp\/v2\/posts\/91910"}],"collection":[{"href":"https:\/\/www.cronacaonline.it\/index.php\/wp-json\/wp\/v2\/posts"}],"about":[{"href":"https:\/\/www.cronacaonline.it\/index.php\/wp-json\/wp\/v2\/types\/post"}],"author":[{"embeddable":true,"href":"https:\/\/www.cronacaonline.it\/index.php\/wp-json\/wp\/v2\/users\/2"}],"replies":[{"embeddable":true,"href":"https:\/\/www.cronacaonline.it\/index.php\/wp-json\/wp\/v2\/comments?post=91910"}],"version-history":[{"count":0,"href":"https:\/\/www.cronacaonline.it\/index.php\/wp-json\/wp\/v2\/posts\/91910\/revisions"}],"wp:attachment":[{"href":"https:\/\/www.cronacaonline.it\/index.php\/wp-json\/wp\/v2\/media?parent=91910"}],"wp:term":[{"taxonomy":"category","embeddable":true,"href":"https:\/\/www.cronacaonline.it\/index.php\/wp-json\/wp\/v2\/categories?post=91910"},{"taxonomy":"post_tag","embeddable":true,"href":"https:\/\/www.cronacaonline.it\/index.php\/wp-json\/wp\/v2\/tags?post=91910"}],"curies":[{"name":"wp","href":"https:\/\/api.w.org\/{rel}","templated":true}]}}