{"id":91893,"date":"2012-12-08T15:14:04","date_gmt":"2012-12-08T14:14:04","guid":{"rendered":"http:\/\/www.cronacaonline.it\/public\/content\/index.php\/08\/12\/2012\/i-giovani-del-sarrabus-incontrano-leuropa"},"modified":"2012-12-08T15:14:04","modified_gmt":"2012-12-08T14:14:04","slug":"i-giovani-del-sarrabus-incontrano-leuropa","status":"publish","type":"post","link":"https:\/\/www.cronacaonline.it\/index.php\/2012\/12\/08\/i-giovani-del-sarrabus-incontrano-leuropa\/","title":{"rendered":"I giovani del Sarrabus incontrano l\u2019Europa"},"content":{"rendered":"<p>Favorire la partecipazione dei giovani sardi alle tematiche locali, regionali, nazionali ed europee, incoraggiando la riflessione ed il dialogo con le istituzioni. Questo \u00e8 l\u2019obiettivo del progetto \u201cCostruisci il tuo futuro: il traguardo \u00e8 l\u2019Europa\u201d, promosso dalle Associazioni Elsa Cagliari, Aegee-Cagliari, Anci Sardegna e finanziato dalla Regione Autonoma della Sardegna che il 10 e l\u201911 dicembre prender\u00e0 il via da Muravera.<\/p>\n<p>Il laboratorio, che avr\u00e0 luogo nella Sala Consiliare del Comune, in Piazza Europa 1 a partire dalle 14.30 di luned\u00ec 10, vedr\u00e0 all\u2019opera 40 giovani del Sarrabus alle prese con tematiche di grande utilit\u00e0 quali associazionismo, mobilit\u00e0, polis e politica, cittadinanza attiva. Questo ciclo di lezioni coinvolger\u00e0 nei prossimi mesi tutte le 8 province della Sardegna attraverso 11 laboratori partecipativi di 2 giornate ciascuno, ai quali seguiranno 2 corsi di approfondimento, uno a Cagliari e uno a Bruxelles, della durata di una settimana. Il progetto terminer\u00e0 con una Conferenza Finale, prevista per il mese di agosto, che vedr\u00e0 la partecipazione dei rappresentanti di tutte le realt\u00e0 coinvolte negli incontri precedenti al fine di realizzare una rete di comunicazione ed informazione tra le stesse. Al termine del progetto verr\u00e0 redatto un documento finale di sintesi. <\/p>\n<p>I destinatari del progetto sono tutti i giovani di et\u00e0 compresa tra i 16 e i 30 anni, Associazioni giovanili, Centri Giovani, Consulte comunali e provinciali. Alle attivit\u00e0 in programma verranno coinvolti complessivamente circa 500 ragazzi. \u00c8 possibile partecipare al progetto compilando il modulo di iscrizione presente sul sito <A href=\"http:\/\/www.costruisciiltuofuturo.it\">www.costruisciiltuofuturo.it<\/A>. La partecipazione al corso \u00e8 totalmente gratuita. Com<BR><\/p>\n","protected":false},"excerpt":{"rendered":"<p>Favorire la partecipazione dei giovani sardi alle tematiche locali, regionali, nazionali ed europee, incoraggiando la riflessione ed il dialogo con le istituzioni. Questo \u00e8 l\u2019obiettivo&#8230;<\/p>\n","protected":false},"author":2,"featured_media":0,"comment_status":"closed","ping_status":"closed","sticky":false,"template":"","format":"standard","meta":[],"categories":[49],"tags":[],"_links":{"self":[{"href":"https:\/\/www.cronacaonline.it\/index.php\/wp-json\/wp\/v2\/posts\/91893"}],"collection":[{"href":"https:\/\/www.cronacaonline.it\/index.php\/wp-json\/wp\/v2\/posts"}],"about":[{"href":"https:\/\/www.cronacaonline.it\/index.php\/wp-json\/wp\/v2\/types\/post"}],"author":[{"embeddable":true,"href":"https:\/\/www.cronacaonline.it\/index.php\/wp-json\/wp\/v2\/users\/2"}],"replies":[{"embeddable":true,"href":"https:\/\/www.cronacaonline.it\/index.php\/wp-json\/wp\/v2\/comments?post=91893"}],"version-history":[{"count":0,"href":"https:\/\/www.cronacaonline.it\/index.php\/wp-json\/wp\/v2\/posts\/91893\/revisions"}],"wp:attachment":[{"href":"https:\/\/www.cronacaonline.it\/index.php\/wp-json\/wp\/v2\/media?parent=91893"}],"wp:term":[{"taxonomy":"category","embeddable":true,"href":"https:\/\/www.cronacaonline.it\/index.php\/wp-json\/wp\/v2\/categories?post=91893"},{"taxonomy":"post_tag","embeddable":true,"href":"https:\/\/www.cronacaonline.it\/index.php\/wp-json\/wp\/v2\/tags?post=91893"}],"curies":[{"name":"wp","href":"https:\/\/api.w.org\/{rel}","templated":true}]}}