{"id":91886,"date":"2012-12-10T15:14:04","date_gmt":"2012-12-10T14:14:04","guid":{"rendered":"http:\/\/www.cronacaonline.it\/public\/content\/index.php\/10\/12\/2012\/bersani-durente-un-intervista-al-wall-street-journal-si-rivolge-ai-mercati-rispetteremo-gli-impegni"},"modified":"2012-12-10T15:14:04","modified_gmt":"2012-12-10T14:14:04","slug":"bersani-durente-un-intervista-al-wall-street-journal-si-rivolge-ai-mercati-rispetteremo-gli-impegni","status":"publish","type":"post","link":"https:\/\/www.cronacaonline.it\/index.php\/2012\/12\/10\/bersani-durente-un-intervista-al-wall-street-journal-si-rivolge-ai-mercati-rispetteremo-gli-impegni\/","title":{"rendered":"Bersani durente un intervista al Wall Street Journal si rivolge ai mercati: &#8220;Rispetteremo gli impegni&#8221;."},"content":{"rendered":"<p>\"Noi rispetteremo gli impegni presi con l'Unione europea e li faremo nostri\". Dalle colonne del Wall Street Journal Pier Luigi Bersani cerca di rassicurare i mercati in vista di un prossimo incarico da premier dopo le elezioni.<\/p>\n<p>\"Io credo - aggiunge Bersani - che sar\u00e0 possibile raggiungere il pareggio di bilancio il prossimo anno in termini strutturali ma sono sicuro che l'anno successivo la situazione europea favorir\u00e0 una discussione e una rivisitazione delle politiche economiche e fiscali non per superarle ma per migliorarle con correzioni orientate ad una maggiore flessibilit\u00e0\".<\/p>\n<p>In particolare, sul tema del Fiscal Compact, Bersani spiega che la 'revisione' del Fiscal Compact evocata dal suo consigliere economico Fassina non implica la tesi che l'Italia debba \"lasciare\" l'accordo ma \"mette soltanto in luce un problema, e cio\u00e8 che la politica dell'unione europea non si pu\u00f2 concentrare esclusivamente sull'austerit\u00e0\".<\/p>\n<p>L'intervista affronta anche i temi strettamente politici italiani. Se dal voto non dovesse uscire una \"chiara maggioranza\", chiede il Wsj, \"ci sarebbe un secondo mandato per Monti?\". E Bersani replica: \"non credo ci troveremo in una situazione del genere. Ma fosse cos\u00ec, la soluzione non sarebbero n\u00e9 Monti n\u00e9 Bersani, bens\u00ec nuove elezioni\".<\/p>\n<p>\"In questo anno Monti e Bersani si sono intesi bene. Sono certo che troveranno la soluzione migliore\" sul ruolo del professore da qui in avanti. Lo assicura, in una intervista a 'Repubblica', il vice segretario del Pd Enrico Letta che si dice convinto che \"un governo di centrosinistra scelto dagli elettori sar\u00e0 una soluzione politicamente forte\".<\/p>\n<p>Adesso ci\u00f2 che conta, spiega, \"\u00e8 impostare una campagna elettorale che non sia un referendum pro o contro Berlusconi. Al contrario dobbiamo spiegare agli italiani che senza Berlusconi e il suo partito di maggioranza saremo in grado di fare cose estremamente utili per la competitivit\u00e0 del Paese\". Letta non teme una nuova tempesta finanziaria: \"Credo che tanto la comunit\u00e0 internazionale quanto gli investitori accoglieranno con favore la prospettiva di elezioni pi\u00f9 ravvicinate che faranno chiarezza rispetto ad una campagna elettorale lunga e con un governo indebolito\".<BR><\/p>\n","protected":false},"excerpt":{"rendered":"<p>&#8220;Noi rispetteremo gli impegni presi con l&#8217;Unione europea e li faremo nostri&#8221;. Dalle colonne del Wall Street Journal Pier Luigi Bersani cerca di rassicurare i&#8230;<\/p>\n","protected":false},"author":2,"featured_media":0,"comment_status":"closed","ping_status":"closed","sticky":false,"template":"","format":"standard","meta":[],"categories":[49],"tags":[],"_links":{"self":[{"href":"https:\/\/www.cronacaonline.it\/index.php\/wp-json\/wp\/v2\/posts\/91886"}],"collection":[{"href":"https:\/\/www.cronacaonline.it\/index.php\/wp-json\/wp\/v2\/posts"}],"about":[{"href":"https:\/\/www.cronacaonline.it\/index.php\/wp-json\/wp\/v2\/types\/post"}],"author":[{"embeddable":true,"href":"https:\/\/www.cronacaonline.it\/index.php\/wp-json\/wp\/v2\/users\/2"}],"replies":[{"embeddable":true,"href":"https:\/\/www.cronacaonline.it\/index.php\/wp-json\/wp\/v2\/comments?post=91886"}],"version-history":[{"count":0,"href":"https:\/\/www.cronacaonline.it\/index.php\/wp-json\/wp\/v2\/posts\/91886\/revisions"}],"wp:attachment":[{"href":"https:\/\/www.cronacaonline.it\/index.php\/wp-json\/wp\/v2\/media?parent=91886"}],"wp:term":[{"taxonomy":"category","embeddable":true,"href":"https:\/\/www.cronacaonline.it\/index.php\/wp-json\/wp\/v2\/categories?post=91886"},{"taxonomy":"post_tag","embeddable":true,"href":"https:\/\/www.cronacaonline.it\/index.php\/wp-json\/wp\/v2\/tags?post=91886"}],"curies":[{"name":"wp","href":"https:\/\/api.w.org\/{rel}","templated":true}]}}