{"id":91885,"date":"2012-12-28T15:14:04","date_gmt":"2012-12-28T14:14:04","guid":{"rendered":"http:\/\/www.cronacaonline.it\/public\/content\/index.php\/28\/12\/2012\/protocollo-regione-inaf-la-spisa-sardegna-eccellenza-dellastro8203fisica"},"modified":"2012-12-28T15:14:04","modified_gmt":"2012-12-28T14:14:04","slug":"protocollo-regione-inaf-la-spisa-sardegna-eccellenza-dellastro8203fisica","status":"publish","type":"post","link":"https:\/\/www.cronacaonline.it\/index.php\/2012\/12\/28\/protocollo-regione-inaf-la-spisa-sardegna-eccellenza-dellastro8203fisica\/","title":{"rendered":"Protocollo Regione-Inaf. La Spisa: Sardegna eccellenza dell\u2019astro\u200bfisica"},"content":{"rendered":"<p>\u201cLa scelta di investire in modo forte e deciso nella Ricerca \u00e8 una scommessa che si sta dimostrando vincente e la firma odierna \u00e8 una conferma ulteriore che la nostra isola pu\u00f2 uscire dalla crisi e rilanciarsi&nbsp;&nbsp;puntando sulle eccellenze e non su obiettivi generici.<\/p>\n<p>Il Radio Telescopio, che ricade in uno dei territori svantaggiati della Sardegna, rappresenta un gioiello che dobbiamo saper impiegare al meglio per attrarre investimenti e attivit\u00e0 produttive sia sui temi della Ricerca, dell\u2019Innovazione e del Trasferimento Tecnologico, che riteniamo fattori principali dello sviluppo e sia in settori trainanti come turismo e agroalimentare\u201d. E\u2019 quanto affermato dal vice presidente della Regione e assessore della Programmazione, Giorgio La Spisa, che&nbsp;<A href=\"javascript:mails_addtocal(1,%22oggi%22);\"><FONT color=#0000ff>oggi<\/FONT><\/A>&nbsp;ha sottoscritto insieme al presidente dell\u2019Istituto nazionale di Astrofisica (INAF), Giovanni Francesco Bignami, il Protocollo di Intesa tra Regione e INAF che prevede oltre 4 milioni di euro per sviluppo scientifico, trasferimento tecnologico, formazione e divulgazione in astrofisica e tecnologie relative, per assicurare, tra l\u2019altro, la piena funzionalit\u00e0 scientifica dell\u2019Osservatorio Astronomico di Cagliari e del Sardinia Radio Telescope di San Basilio per i quali erano presenti i rispettivi direttori Andrea Possenti e Nicol\u00f2 D\u2019Amico.<\/p>\n<p>\u201cA livello nazionale la Sardegna \u00e8 la regione che si sta impegnando di pi\u00f9 nella ricerca \u2013 ha sottolineato il presidente dell\u2019INAF, Giovanni Bignami \u2013 e siamo molto soddisfatti per la firma di questo Protocollo di Intesa. Questa terra ha sempre dimostrato grande sensibilit\u00e0 verso l'innovazione e la ricerca. Non \u00e8 un caso che il Sardinia Radio Telescope, che a pieno regime rappresenter\u00e0 un'eccellenza internazionale nell'ambito della radioastronomia, abbia trovato collocazione proprio in questa regione.<\/p>\n<p>Penso che l'INAF abbia mostrato di essere un interlocutore affidabile e altrettanto impegnato ad investire nel futuro, soprattutto nelle giovani generazioni. Lo dimostra anche la scelta della nuova area dove andr\u00e0 a posizionarsi l'osservatorio astronomico di Cagliari, che rappresenter\u00e0 un polo di avanguardia nella ricerca in generale e astronomica in particolare\u201d.&nbsp; Com<\/p>\n","protected":false},"excerpt":{"rendered":"<p>\u201cLa scelta di investire in modo forte e deciso nella Ricerca \u00e8 una scommessa che si sta dimostrando vincente e la firma odierna \u00e8 una&#8230;<\/p>\n","protected":false},"author":2,"featured_media":0,"comment_status":"closed","ping_status":"closed","sticky":false,"template":"","format":"standard","meta":[],"categories":[49],"tags":[],"_links":{"self":[{"href":"https:\/\/www.cronacaonline.it\/index.php\/wp-json\/wp\/v2\/posts\/91885"}],"collection":[{"href":"https:\/\/www.cronacaonline.it\/index.php\/wp-json\/wp\/v2\/posts"}],"about":[{"href":"https:\/\/www.cronacaonline.it\/index.php\/wp-json\/wp\/v2\/types\/post"}],"author":[{"embeddable":true,"href":"https:\/\/www.cronacaonline.it\/index.php\/wp-json\/wp\/v2\/users\/2"}],"replies":[{"embeddable":true,"href":"https:\/\/www.cronacaonline.it\/index.php\/wp-json\/wp\/v2\/comments?post=91885"}],"version-history":[{"count":0,"href":"https:\/\/www.cronacaonline.it\/index.php\/wp-json\/wp\/v2\/posts\/91885\/revisions"}],"wp:attachment":[{"href":"https:\/\/www.cronacaonline.it\/index.php\/wp-json\/wp\/v2\/media?parent=91885"}],"wp:term":[{"taxonomy":"category","embeddable":true,"href":"https:\/\/www.cronacaonline.it\/index.php\/wp-json\/wp\/v2\/categories?post=91885"},{"taxonomy":"post_tag","embeddable":true,"href":"https:\/\/www.cronacaonline.it\/index.php\/wp-json\/wp\/v2\/tags?post=91885"}],"curies":[{"name":"wp","href":"https:\/\/api.w.org\/{rel}","templated":true}]}}