{"id":91883,"date":"2012-12-04T15:14:04","date_gmt":"2012-12-04T14:14:04","guid":{"rendered":"http:\/\/www.cronacaonline.it\/public\/content\/index.php\/04\/12\/2012\/comenius-gli-studenti-sassaresi-affrontano-coi-loro-coetanei-il-tema-delle-nuove-poverta-in-europa"},"modified":"2012-12-04T15:14:04","modified_gmt":"2012-12-04T14:14:04","slug":"comenius-gli-studenti-sassaresi-affrontano-coi-loro-coetanei-il-tema-delle-nuove-poverta-in-europa","status":"publish","type":"post","link":"https:\/\/www.cronacaonline.it\/index.php\/2012\/12\/04\/comenius-gli-studenti-sassaresi-affrontano-coi-loro-coetanei-il-tema-delle-nuove-poverta-in-europa\/","title":{"rendered":"Comenius, gli studenti sassaresi affrontano coi loro coetanei il tema delle nuove povert\u00e0 in Europa"},"content":{"rendered":"<p>Sviluppare tra i giovani maggiore consapevolezza degli effetti delle nuove povert\u00e0, favorendo un clima di solidariet\u00e0 intergenerazionale entro cui ricercare nuove partnership in ambito comunitario, per analizzare meglio il problema e individuare col confronto reciproco le soluzioni possibili. \u00c8 l\u2019idea di \u201cGlobal poverty and us\u201d, il tema per l\u2019edizione 2012 di Comenius, progetto europeo che annualmente crea alleanze tra istituti scolastici di diversi Paesi dell\u2019area comunitaria per favorire il confronto tra sistemi scolastici sempre pi\u00f9 aperti e pi\u00f9 orientati alla partecipazione del \u201cpianeta scuola\u201d nei processi volti a definire nuovi modelli di sviluppo sociale, culturale ed economico nel territorio europeo.<\/p>\n<p>La direzione didattica del primo circolo di San Donato, a Sassari, coordina le attivit\u00e0 che coinvolgono anche \u201cJiezno gimnazija\u201d di Prienau, in Lituania, \u201cSzkola podstawowa\u201d di Lezno, in Polonia, \u201cEscola basica dramaria Alice Gouveia\u201d di Coimbra, in Portogallo, \u201cMinorescu scola\u201d di Tazlau, in Romania, e \u201cYunus emre IMKB\u201d di Sanliurfa, in Turchia. La scorsa settimana studenti, insegnanti e dirigenti scolastici dei Paesi partner sono stati ospitati dalla pi\u00f9 antica scuola sassarese. Durante il soggiorno in citt\u00e0, la delegazione ha incontrato il presidente della Provincia, Alessandra Giudici. \u00abLa povert\u00e0, l\u2019esclusione sociale e una qualit\u00e0 minima degli standard di vita sono condizioni sempre pi\u00f9 ricorrenti nei Paesi coinvolti nella partnership\u00bb, ha spiegato la dirigente scolastica di San Donato, Patrizia Mercuri, durante la visita al palazzo della Provincia. \u00abLe reti di assistenza si stanno deteriorando \u2013 ha aggiunto \u2013 perci\u00f2 \u00e8 importante individuare nuove soluzioni per questi problemi\u00bb.<\/p>\n<p>Partendo dai dati secondo cui 80 milioni di persone \u2013 pari al 17% della popolazione comunitaria \u2013 vivono a rischio di povert\u00e0, le scuole in rete hanno deciso di fare qualcosa. \u00abQuesto \u00e8 il contesto cui vanno incontro le generazioni future, perci\u00f2 quella che avviate oggi \u00e8 una sfida che loro dovranno raccogliere\u00bb, ha detto Alessandra Giudici accompagnando la delegazione tra le sale storiche del palazzo. \u00abI giovani devono sviluppare maggiore consapevolezza sui fenomeni globali che li coinvolgono oggi e riguardano il loro futuro\u00bb, ha proseguito il presidente della Provincia, esprimendo \u00abla soddisfazione dell\u2019amministrazione provinciale per un progetto che coinvolger\u00e0 studenti dagli 8 ai 15 anni, consentendo loro di mettere a fuoco attraverso il confronto la reale entit\u00e0 dei fenomeni che attraversano l\u2019Europa\u00bb. Com<BR><\/p>\n","protected":false},"excerpt":{"rendered":"<p>Sviluppare tra i giovani maggiore consapevolezza degli effetti delle nuove povert\u00e0, favorendo un clima di solidariet\u00e0 intergenerazionale entro cui ricercare nuove partnership in ambito comunitario,&#8230;<\/p>\n","protected":false},"author":2,"featured_media":0,"comment_status":"closed","ping_status":"closed","sticky":false,"template":"","format":"standard","meta":[],"categories":[49],"tags":[],"_links":{"self":[{"href":"https:\/\/www.cronacaonline.it\/index.php\/wp-json\/wp\/v2\/posts\/91883"}],"collection":[{"href":"https:\/\/www.cronacaonline.it\/index.php\/wp-json\/wp\/v2\/posts"}],"about":[{"href":"https:\/\/www.cronacaonline.it\/index.php\/wp-json\/wp\/v2\/types\/post"}],"author":[{"embeddable":true,"href":"https:\/\/www.cronacaonline.it\/index.php\/wp-json\/wp\/v2\/users\/2"}],"replies":[{"embeddable":true,"href":"https:\/\/www.cronacaonline.it\/index.php\/wp-json\/wp\/v2\/comments?post=91883"}],"version-history":[{"count":0,"href":"https:\/\/www.cronacaonline.it\/index.php\/wp-json\/wp\/v2\/posts\/91883\/revisions"}],"wp:attachment":[{"href":"https:\/\/www.cronacaonline.it\/index.php\/wp-json\/wp\/v2\/media?parent=91883"}],"wp:term":[{"taxonomy":"category","embeddable":true,"href":"https:\/\/www.cronacaonline.it\/index.php\/wp-json\/wp\/v2\/categories?post=91883"},{"taxonomy":"post_tag","embeddable":true,"href":"https:\/\/www.cronacaonline.it\/index.php\/wp-json\/wp\/v2\/tags?post=91883"}],"curies":[{"name":"wp","href":"https:\/\/api.w.org\/{rel}","templated":true}]}}