{"id":91865,"date":"2012-12-10T15:14:04","date_gmt":"2012-12-10T14:14:04","guid":{"rendered":"http:\/\/www.cronacaonline.it\/public\/content\/index.php\/10\/12\/2012\/valeria-meili-presenta-la-bella-addormentata-di-petr-ili269-268ajkovskijal-teatro-lirico-di-cagliari"},"modified":"2012-12-10T15:14:04","modified_gmt":"2012-12-10T14:14:04","slug":"valeria-meili-presenta-la-bella-addormentata-di-petr-ili269-268ajkovskijal-teatro-lirico-di-cagliari","status":"publish","type":"post","link":"https:\/\/www.cronacaonline.it\/index.php\/2012\/12\/10\/valeria-meili-presenta-la-bella-addormentata-di-petr-ili269-268ajkovskijal-teatro-lirico-di-cagliari\/","title":{"rendered":"Valeria Meili presenta La bella addormentata di P\u00ebtr Il\u2019i\u010d \u010cajkovskijal Teatro Lirico di Cagliari"},"content":{"rendered":"<p>Domani, marted\u00ec 11 dicembre, alle 17, nel foyer di platea del Teatro Lirico di Cagliari, la professoressa Valeria Meili presenta il balletto La bella addormentata di P\u00ebtr Il\u2019i&#269; &#268;ajkovskij, in un incontro con il pubblico intitolato: C\u2019era una volta\u2026 La bella addormentata. Il balletto in un prologo e tre atti, va in scena, sabato 15 dicembre alle 20.30 (turno A), a conclusione della Stagione lirica e di balletto 2012 del Teatro Lirico di Cagliari.<\/p>\n<p>L'ingresso alla presentazione \u00e8 libero.<\/p>\n<p>Valeria Meili - Consegue la laurea in Lettere classiche per ottenere, successivamente, ulteriori titoli in Materie letterarie ed in Cultura e letterature dell\u2019antichit\u00e0 all\u2019Universit\u00e0 degli Studi di Cagliari. Attualmente \u00e8 docente di ruolo di Italiano e Latino al Liceo Ginnasio Statale \u201cGiovanni Maria Dettori\u201d di Cagliari. Ha al suo attivo interventi ai convegni nazionali della MOD (Societ\u00e0 italiana per lo studio della modernit\u00e0 letteraria), per la sezione scuola e pubblicazioni sulla didattica del \u2018900; al momento \u00e8 impegnata nella rilettura critica di una storia ed antologia della letteratura italiana, in corso di lavorazione, per Zanichelli Editore. Ha studiato danza, sotto la guida di Lelle Serra e Maria Plaisant, e, con l\u2019associazione \u201cIl Balletto di Cagliari\u201d, ha preso parte a produzioni del Teatro Lirico di Cagliari.<\/p>\n<p>La bella addormentata viene replicata per sei rappresentazioni, di cui una fuori abbonamento: domenica 16 dicembre alle 17 (turno D), marted\u00ec 18 dicembre alle 20.30 (fuori abbonamento), mercoled\u00ec 19 dicembre alle 20.30 (turno B), gioved\u00ec 20 dicembre alle 20.30 (turno F), venerd\u00ec 21 dicembre alle 20.30 (turno C), sabato 22 dicembre alle 19 (turno G).<\/p>\n<p>La Stagione lirica e di balletto 2012 si avvale della collaborazione di: Fondazione Banco di Sardegna, Capitta &amp; Partners.<\/p>\n<p>La Biglietteria del Teatro Lirico \u00e8 aperta dal luned\u00ec al venerd\u00ec, dalle 10 alle 13 e dalle 17 alle 20, il sabato dalle 10 alle 13 e nell\u2019ora precedente lo spettacolo. Rimane chiusa i giorni festivi.<\/p>\n<p>Per informazioni: Biglietteria del Teatro Lirico, via Sant\u2019Alenixedda, 09128 Cagliari, dal luned\u00ec al venerd\u00ec, dalle 10 alle 13 e dalle 17 alle 20, il sabato dalle 10 alle 13 e nell\u2019ora precedente lo spettacolo, telefono +39 0704082230 - +39 0704082249, fax +39 0704082223, <A href=\"mailto:biglietteria@teatroliricodicagliari.it\">biglietteria@teatroliricodicagliari.it<\/A>, <A href=\"http:\/\/www.teatroliricodicagliari.it\">www.teatroliricodicagliari.it<\/A>. Il Teatro Lirico di Cagliari si pu\u00f2 seguire anche su Facebook, Twitter, YouTube. Com<\/p>\n","protected":false},"excerpt":{"rendered":"<p>Domani, marted\u00ec 11 dicembre, alle 17, nel foyer di platea del Teatro Lirico di Cagliari, la professoressa Valeria Meili presenta il balletto La bella addormentata&#8230;<\/p>\n","protected":false},"author":2,"featured_media":0,"comment_status":"closed","ping_status":"closed","sticky":false,"template":"","format":"standard","meta":[],"categories":[49],"tags":[],"_links":{"self":[{"href":"https:\/\/www.cronacaonline.it\/index.php\/wp-json\/wp\/v2\/posts\/91865"}],"collection":[{"href":"https:\/\/www.cronacaonline.it\/index.php\/wp-json\/wp\/v2\/posts"}],"about":[{"href":"https:\/\/www.cronacaonline.it\/index.php\/wp-json\/wp\/v2\/types\/post"}],"author":[{"embeddable":true,"href":"https:\/\/www.cronacaonline.it\/index.php\/wp-json\/wp\/v2\/users\/2"}],"replies":[{"embeddable":true,"href":"https:\/\/www.cronacaonline.it\/index.php\/wp-json\/wp\/v2\/comments?post=91865"}],"version-history":[{"count":0,"href":"https:\/\/www.cronacaonline.it\/index.php\/wp-json\/wp\/v2\/posts\/91865\/revisions"}],"wp:attachment":[{"href":"https:\/\/www.cronacaonline.it\/index.php\/wp-json\/wp\/v2\/media?parent=91865"}],"wp:term":[{"taxonomy":"category","embeddable":true,"href":"https:\/\/www.cronacaonline.it\/index.php\/wp-json\/wp\/v2\/categories?post=91865"},{"taxonomy":"post_tag","embeddable":true,"href":"https:\/\/www.cronacaonline.it\/index.php\/wp-json\/wp\/v2\/tags?post=91865"}],"curies":[{"name":"wp","href":"https:\/\/api.w.org\/{rel}","templated":true}]}}