{"id":91864,"date":"2012-12-27T15:14:04","date_gmt":"2012-12-27T14:14:04","guid":{"rendered":"http:\/\/www.cronacaonline.it\/public\/content\/index.php\/27\/12\/2012\/il-procuratore-antimafia-grasso-corre-per-il-pd"},"modified":"2012-12-27T15:14:04","modified_gmt":"2012-12-27T14:14:04","slug":"il-procuratore-antimafia-grasso-corre-per-il-pd","status":"publish","type":"post","link":"https:\/\/www.cronacaonline.it\/index.php\/2012\/12\/27\/il-procuratore-antimafia-grasso-corre-per-il-pd\/","title":{"rendered":"Il procuratore antimafia Grasso corre per il Pd"},"content":{"rendered":"<p>Il Procuratore nazionale antimafia Piero Grasso ha intenzione di candidarsi alle prossime elezioni e ha presentato al Csm la richiesta di aspettativa elettorale che verr\u00e0 ratificata dal plenum alla riapertura dei lavori dopo la pausa delle festivit\u00e0. Palazzo dei Marescialli riprende l'attivit\u00e0 dopo l'Epifania.<\/p>\n<p>Il procuratore antimafia Pietro Grasso si candida con il Pd. Domani la decisione del procuratore nazionale antimafia sar\u00e0 formalizzata nel corso di una conferenza stampa alla quale interverr\u00e0 anche Pierluigi Bersani alle 11.30 a Roma nella sede del partito.<\/p>\n<p>Un plenum straordinario del Csm&nbsp;\u00e8 stato fissato per luned\u00ec sette gennaio - prima data utile dopo la pausa per le festivit\u00e0 natalizie - e la seduta ratificher\u00e0 le domande di aspettativa per motivi elettorali presentate dai magistrati in servizio tra le quali quella inoltrata dal Procuratore nazionale antimafia Piero Grasso. Le domande non sono soggette a valutazione ma possono solo essere accettate da Palazzo dei Marescialli, come&nbsp;\u00e8 avvenuto nel caso di quella avanzata da Antonio Ingroia.<\/p>\n","protected":false},"excerpt":{"rendered":"<p>Il Procuratore nazionale antimafia Piero Grasso ha intenzione di candidarsi alle prossime elezioni e ha presentato al Csm la richiesta di aspettativa elettorale che verr\u00e0&#8230;<\/p>\n","protected":false},"author":2,"featured_media":0,"comment_status":"closed","ping_status":"closed","sticky":false,"template":"","format":"standard","meta":[],"categories":[49],"tags":[],"_links":{"self":[{"href":"https:\/\/www.cronacaonline.it\/index.php\/wp-json\/wp\/v2\/posts\/91864"}],"collection":[{"href":"https:\/\/www.cronacaonline.it\/index.php\/wp-json\/wp\/v2\/posts"}],"about":[{"href":"https:\/\/www.cronacaonline.it\/index.php\/wp-json\/wp\/v2\/types\/post"}],"author":[{"embeddable":true,"href":"https:\/\/www.cronacaonline.it\/index.php\/wp-json\/wp\/v2\/users\/2"}],"replies":[{"embeddable":true,"href":"https:\/\/www.cronacaonline.it\/index.php\/wp-json\/wp\/v2\/comments?post=91864"}],"version-history":[{"count":0,"href":"https:\/\/www.cronacaonline.it\/index.php\/wp-json\/wp\/v2\/posts\/91864\/revisions"}],"wp:attachment":[{"href":"https:\/\/www.cronacaonline.it\/index.php\/wp-json\/wp\/v2\/media?parent=91864"}],"wp:term":[{"taxonomy":"category","embeddable":true,"href":"https:\/\/www.cronacaonline.it\/index.php\/wp-json\/wp\/v2\/categories?post=91864"},{"taxonomy":"post_tag","embeddable":true,"href":"https:\/\/www.cronacaonline.it\/index.php\/wp-json\/wp\/v2\/tags?post=91864"}],"curies":[{"name":"wp","href":"https:\/\/api.w.org\/{rel}","templated":true}]}}