{"id":91863,"date":"2012-12-19T15:14:04","date_gmt":"2012-12-19T14:14:04","guid":{"rendered":"http:\/\/www.cronacaonline.it\/public\/content\/index.php\/19\/12\/2012\/ss554-siglata-intesa-regione-comune-anas-per-cessione-e-lavori-tratto-strada-di-quartu-santelena"},"modified":"2012-12-19T15:14:04","modified_gmt":"2012-12-19T14:14:04","slug":"ss554-siglata-intesa-regione-comune-anas-per-cessione-e-lavori-tratto-strada-di-quartu-santelena","status":"publish","type":"post","link":"https:\/\/www.cronacaonline.it\/index.php\/2012\/12\/19\/ss554-siglata-intesa-regione-comune-anas-per-cessione-e-lavori-tratto-strada-di-quartu-santelena\/","title":{"rendered":"SS554, siglata intesa regione, comune, Anas per cessione e lavori tratto strada di Quartu Sant&#8217;Elena."},"content":{"rendered":"<p>Siglato il protocollo d\u2019intesa tra Regione, Comune di Quartu Sant\u2019Elena ed Anas per la messa in sicurezza e la declassificazione del tratto della Strada statale 554 ricadente nel territorio cittadino. Il presidente, Ugo Cappellacci, l\u2019assessore dei Lavori pubblici, Angela Nonnis, con il sindaco, Mauro Contini, e il capo compartimento sardo Anas, Oriele Fagioli, hanno sottoscritto il documento che di fatto conferma il trasferimento delle risorse per i lavori e della competenza su quattro chilometri di strada al Comune di Quartu Sant\u2019Elena. <\/p>\n<p>\"L'atto che sigliamo&nbsp;<A href=\"javascript:mails_addtocal(1,%22oggi%22);\"><FONT color=#0000ff>oggi<\/FONT><\/A>&nbsp;- ha detto il Presidente - \u00e8 un ulteriore passo in avanti che va oltre il dato formale: la declassificazione e la cessione al Comune del tratto di strada che ricade nel suo territorio non solo \u00e8 propedeutica agli atti di delega che l'Assessorato effettuer\u00e0 a favore dell'ente locale, ma ha un valore ancora pi\u00f9 rilevante perch\u00e9 \u00e8 lo strumento che rende l'amministrazione civica protagonista di un'azione strategica nel territorio che coinvolge l'intera area urbana\".<\/p>\n<p>Il protocollo d\u2019intesa definisce gli adempimenti necessari affinch\u00e9 la porzione di strada statale 554 compresa tra lo svincolo per l\u2019\u201dOrientale Sarda\u201d e la rotatoria del Margine Rosso, precisamente tra il chilometro 10,9 e 14,7, sia convertita in strada urbana e quindi possa essere ceduta al Comune. \"Il risultato di&nbsp;<A href=\"javascript:mails_addtocal(1,%22oggi%22);\"><FONT color=#0000ff>oggi<\/FONT><\/A>&nbsp;- ha detto Nonnis - \u00e8 frutto di una visione della viabilit\u00e0 condivisa da tutta l'area vasta cagliaritana e di un importante impegno della Regione nel reperimento delle risorse necessarie per la messa in sicurezza di un asse viario strategico\".<\/p>\n<p>Di seguito, a fronte di un finanziamento dell\u2019assessorato pari a 20 milioni di euro, Quartu Sant\u2019Elena potr\u00e0 completare la progettazione e dare avvio all\u2019esecuzione dei lavori di quella che diventer\u00e0 la nuova via d\u2019accesso al mare. La trasformazione da strada statale a strada cittadina della 554 quartese assolver\u00e0 anche alla funzione di collegamento tra la parte residenziale della citt\u00e0 che si \u00e8 sviluppata intorno all\u2019asse viario e le zone dedicate ai servizi. Il progetto preliminare prevede in particolare la realizzazione di tre intersezioni a rotatoria al posto degli attuali semafori e un sistema di collegamento alla rete viaria circostante costituito da complanari. Il procedimento di conversione a strada urbana sar\u00e0 esteso anche al tracciato della ex Statale 125 compreso tra i chilometri 9,7 e 9,9 vicino all\u2019accesso dalla via Marconi alla Statale 554. A seguito della firma di&nbsp;<A href=\"javascript:mails_addtocal(1,%22oggi%22);\"><FONT color=#0000ff>oggi<\/FONT><\/A>, quindi, il Comune di Quartu Sant\u2019Elena potr\u00e0 essere delegato dalla Regione all\u2019esecuzione delle opere previste nel lotto 2 nell\u2019ambito del pi\u00f9 ampio progetto di messa in sicurezza della circonvallazione dell\u2019area vasta cagliaritana.<\/p>\n<p>Dopo la comparsa sulla Gazzetta Ufficiale delle delibere Cipe sul Piano per il Sud 62\/2011 e 93\/2012, il quadro finanziario complessivo per l\u2019eliminazione degli svincoli a raso della importante arteria stradale raggiunge 233,2 milioni di euro. Sulla base di queste risorse l\u2019assessore Nonnis ha decretato la suddivisione degli interventi in 6 lotti individuando gli enti attuatori e le modalit\u00e0 di esecuzione. Oltre all\u2019eliminazione degli incroci, i progetti sulla 554 prevedono l\u2019adeguamento dell\u2019asse principale, degli svincoli e delle relative complanari, curati principalmente dall\u2019Anas, allo scopo di risolvere anche le problematiche recentemente sollevate sugli accessi alle proprie aziende dai titolari delle attivit\u00e0 commerciali e artigianali. I lavori sull\u2019asse stradale e sulle intersezioni rientrano nelle competenze della Societ\u00e0 nazionale Strade.<\/p>\n<p>Le opere che prevedono lo scavalco dell\u2019asse viario senza intervenire sulla strada statale saranno realizzate direttamente dall\u2019assessorato dei Lavori Pubblici. Coerentemente con le indicazioni dell\u2019Accordo di programma stipulato nel luglio 2008 e con il decreto assessoriale, infine, alcuni interventi relativi alla viabilit\u00e0 complementare, come appunto quello che sar\u00e0 realizzato a Quartu Sant\u2019Elena, sono stati affidati dalla Regione ai Comuni mediante l\u2019istituto della delega.<\/p>\n","protected":false},"excerpt":{"rendered":"<p>Siglato il protocollo d\u2019intesa tra Regione, Comune di Quartu Sant\u2019Elena ed Anas per la messa in sicurezza e la declassificazione del tratto della Strada statale&#8230;<\/p>\n","protected":false},"author":2,"featured_media":0,"comment_status":"closed","ping_status":"closed","sticky":false,"template":"","format":"standard","meta":[],"categories":[49],"tags":[],"_links":{"self":[{"href":"https:\/\/www.cronacaonline.it\/index.php\/wp-json\/wp\/v2\/posts\/91863"}],"collection":[{"href":"https:\/\/www.cronacaonline.it\/index.php\/wp-json\/wp\/v2\/posts"}],"about":[{"href":"https:\/\/www.cronacaonline.it\/index.php\/wp-json\/wp\/v2\/types\/post"}],"author":[{"embeddable":true,"href":"https:\/\/www.cronacaonline.it\/index.php\/wp-json\/wp\/v2\/users\/2"}],"replies":[{"embeddable":true,"href":"https:\/\/www.cronacaonline.it\/index.php\/wp-json\/wp\/v2\/comments?post=91863"}],"version-history":[{"count":0,"href":"https:\/\/www.cronacaonline.it\/index.php\/wp-json\/wp\/v2\/posts\/91863\/revisions"}],"wp:attachment":[{"href":"https:\/\/www.cronacaonline.it\/index.php\/wp-json\/wp\/v2\/media?parent=91863"}],"wp:term":[{"taxonomy":"category","embeddable":true,"href":"https:\/\/www.cronacaonline.it\/index.php\/wp-json\/wp\/v2\/categories?post=91863"},{"taxonomy":"post_tag","embeddable":true,"href":"https:\/\/www.cronacaonline.it\/index.php\/wp-json\/wp\/v2\/tags?post=91863"}],"curies":[{"name":"wp","href":"https:\/\/api.w.org\/{rel}","templated":true}]}}