{"id":91843,"date":"2012-12-18T15:14:04","date_gmt":"2012-12-18T14:14:04","guid":{"rendered":"http:\/\/www.cronacaonline.it\/public\/content\/index.php\/18\/12\/2012\/piano-sulcis-incontro-al-ministero-della-coesione-cappellacci-prosegue-lavoro-per-salvaguardia-realta-esistenti-superare-gap-infrastrutturale-e-creare-nuove-filiere-produttive"},"modified":"2012-12-18T15:14:04","modified_gmt":"2012-12-18T14:14:04","slug":"piano-sulcis-incontro-al-ministero-della-coesione-cappellacci-prosegue-lavoro-per-salvaguardia-realta-esistenti-superare-gap-infrastrutturale-e-creare-nuove-filiere-produttive","status":"publish","type":"post","link":"https:\/\/www.cronacaonline.it\/index.php\/2012\/12\/18\/piano-sulcis-incontro-al-ministero-della-coesione-cappellacci-prosegue-lavoro-per-salvaguardia-realta-esistenti-superare-gap-infrastrutturale-e-creare-nuove-filiere-produttive\/","title":{"rendered":"Piano Sulcis: incontro al ministero della coesione. Cappellacci, prosegue lavoro per salvaguardia realt\u00e0 esistenti, superare gap infrastrutturale e creare nuove filiere produttive."},"content":{"rendered":"<p>Si \u00e8 aperto questo pomeriggio ed \u00e8 in corso di svolgimento presso il Ministero della Coesione a Roma il vertice sul Piano Sulcis tra la Regione, rappresentata dal presidente Ugo Cappellacci e dall\u2019assessore dell\u2019industria Alessandra Zedda, il ministro Fabrizio Barca e gli attori territoriali e sociali coinvolti nel piano. <\/p>\n<p>Il confronto prende le mosse dallo stato dell\u2019arte sui sopralluoghi compiuti nel territorio dalle strutture tecniche e sulle verifiche inerenti ai singoli interventi. \u201cE\u2019 entrato subito nella fase operativa e prosegue senza sosta \u2013 ha dichiarato il presidente della Regione prima della riunione - il lavoro per tradurre in concreto un piano che mira da un lato alla salvaguardia del tessuto produttivo e allo stesso tempo alla creazione di nuove filiere, che vanno dall\u2019energia pulita e dell\u2019agro-energia eco-compatibile, al risanamento ambientale, dall\u2019agro-alimentare al turismo.<\/p>\n<p>Un piano \u2013 ha aggiunto Cappellacci - che mira a rimuovere, con gli interventi previsti per la viabilit\u00e0 e per la portualit\u00e0, quel gap infrastrutturale che nei decenni passati ha pesantemente limitato la possibilit\u00e0 per impresa e lavoro di muoversi in maniera competitiva rispetto agli altri territori\u201d. Com<\/p>\n","protected":false},"excerpt":{"rendered":"<p>Si \u00e8 aperto questo pomeriggio ed \u00e8 in corso di svolgimento presso il Ministero della Coesione a Roma il vertice sul Piano Sulcis tra la&#8230;<\/p>\n","protected":false},"author":2,"featured_media":0,"comment_status":"closed","ping_status":"closed","sticky":false,"template":"","format":"standard","meta":[],"categories":[49],"tags":[],"_links":{"self":[{"href":"https:\/\/www.cronacaonline.it\/index.php\/wp-json\/wp\/v2\/posts\/91843"}],"collection":[{"href":"https:\/\/www.cronacaonline.it\/index.php\/wp-json\/wp\/v2\/posts"}],"about":[{"href":"https:\/\/www.cronacaonline.it\/index.php\/wp-json\/wp\/v2\/types\/post"}],"author":[{"embeddable":true,"href":"https:\/\/www.cronacaonline.it\/index.php\/wp-json\/wp\/v2\/users\/2"}],"replies":[{"embeddable":true,"href":"https:\/\/www.cronacaonline.it\/index.php\/wp-json\/wp\/v2\/comments?post=91843"}],"version-history":[{"count":0,"href":"https:\/\/www.cronacaonline.it\/index.php\/wp-json\/wp\/v2\/posts\/91843\/revisions"}],"wp:attachment":[{"href":"https:\/\/www.cronacaonline.it\/index.php\/wp-json\/wp\/v2\/media?parent=91843"}],"wp:term":[{"taxonomy":"category","embeddable":true,"href":"https:\/\/www.cronacaonline.it\/index.php\/wp-json\/wp\/v2\/categories?post=91843"},{"taxonomy":"post_tag","embeddable":true,"href":"https:\/\/www.cronacaonline.it\/index.php\/wp-json\/wp\/v2\/tags?post=91843"}],"curies":[{"name":"wp","href":"https:\/\/api.w.org\/{rel}","templated":true}]}}