{"id":91841,"date":"2012-12-01T15:14:04","date_gmt":"2012-12-01T14:14:04","guid":{"rendered":"http:\/\/www.cronacaonline.it\/public\/content\/index.php\/01\/12\/2012\/conferenza-nazioni-unite-su-cambiamenti-climatici-cappellacci-autonomie-protagoniste-del-cambiamento-patto-dei-sindaci-esperienza-modello"},"modified":"2012-12-01T15:14:04","modified_gmt":"2012-12-01T14:14:04","slug":"conferenza-nazioni-unite-su-cambiamenti-climatici-cappellacci-autonomie-protagoniste-del-cambiamento-patto-dei-sindaci-esperienza-modello","status":"publish","type":"post","link":"https:\/\/www.cronacaonline.it\/index.php\/2012\/12\/01\/conferenza-nazioni-unite-su-cambiamenti-climatici-cappellacci-autonomie-protagoniste-del-cambiamento-patto-dei-sindaci-esperienza-modello\/","title":{"rendered":"Conferenza nazioni unite su cambiamenti climatici, Cappellacci: \u201cautonomie protagoniste del cambiamento. Patto dei sindaci esperienza modello\u201d"},"content":{"rendered":"<p>\u201cSono le autonomie le vere protagoniste del cambiamento in materia di politiche per l\u2019ambiente, la riduzione delle emissioni di anidride carbonica e la promozione di impresa e lavoro sostenibili\u201d. Lo ha dichiarato il presidente della Regione, Ugo Cappellcci, intervenendo stamane all\u2019evento \u201cFare squadra per centrare gli obiettivi: sostenere la autonomie locali nelle attivit\u00e0 per la mitigazione dei cambiamenti climatici\u201d, nell\u2019ambito della Conferenza delle Nazioni Unite sui cambiamenti climatici. Il presidente si \u00e8 soffermato sulla necessit\u00e0 di proseguire esperienze di successo come il Patto dei Sindaci, sottoscritto dalla Sardegna nel 2011, perch\u00e9 solo attraverso il pieno coinvolgimento operativo delle comunit\u00e0 interessate si possono raggiungere gli obiettivi condivisi a livello internazionale.<\/p>\n<p>\u201cIl Patto dei Sindaci \u2013 ha evidenziato Cappellacci - ha permesso di tradurre l\u2019agenda politica europea in impegni concreti assunti dalle autonomie territoriale a livello locale e, in ultima battuta, in Piani di Azioni per l\u2019Energia Sostenibile. Quella iniziata come iniziativa pilota, \u00e8 divenuta un successo e sta gradualmente qualificandosi come modello di governance per altre politiche. Il Patto dei Sindaci \u2013 ha sottolineato il presidente- necessita ora di essere consolidato attraverso ulteriori azioni di attuazione pratica, attivando investimenti energetici sostenibili con una maggiore integrazione tra il Patto e le opportunit\u00e0 di finanziamento della UE, in modo da ampliare la portata dell\u2019intera agenda sull\u2019efficientamento delle risorse\u201d.<\/p>\n<p>Cappellacci ha sottolineato come, attraverso investimenti pubblici e privati,&nbsp; le citt\u00e0 possono guadagnare in termini di competitivit\u00e0 economica e qualit\u00e0 di vita, facendo tesoro anche delle opportunit\u00e0 tecnologiche in grado di mitigare gli alti prezzi derivanti dalla scarsit\u00e0 di risorse disponibili nel mercato. \u201cIl Comitato delle Regioni \u2013 ha aggiunto il presidente - sta contribuendo a rivedere i criteri di erogazione dei prestiti nel settore energetico da parte della BEI, insistendo su controlli pi\u00f9 trasparenti, sulla verifica delle emissioni, ma anche sulla necessit\u00e0 di valutare i progetti in termini di impatto sull\u2019ecosistema e di migliore alternativa possibile, piuttosto che sulla base del solo criterio dell\u2019efficienza dei costi.<\/p>\n<p>Adesso, \u00e8 il tempo di aumentare progressivamente non solo gli impegni vincolanti in tema di riduzione delle emissioni, ma anche e soprattutto i nostri sforzi di investimento all\u2019interno e all\u2019esterno della UE, per non tornare indietro nel cammino della nostra strategia della crescita verde nel nome della onnipresente austerit\u00e0. In questo contesto, il Comitato delle Regioni ha richiesto alla Commissione, ed&nbsp; alle altre istituzioni UE, di lavorare insieme su meccanismi concreti che permettano di condividere l\u2019esperienza del Patto dei Sindaci con i principali partner globali, incentivando la cooperazione, a livello locale e regionale, sull\u2019efficientamento energetico tra citt\u00e0 europee e quelle situate nei Paesi vicini posti a est e a sud delle frontiere dell\u2019Unione europea, oltre che nei Paesi in via di sviluppo. \u00c8 attraverso queste esperienze e questi modelli \u2013 ha concluso Cappellacci - che possiamo proteggere il nostro pianeta dalla devastazione prodotta dal riscaldamento globale di oltre due gradi centigradi e promuovere un modello di sviluppo che non pregiudichi salute, sicurezza e ambiente\u201d. Com<\/p>\n","protected":false},"excerpt":{"rendered":"<p>\u201cSono le autonomie le vere protagoniste del cambiamento in materia di politiche per l\u2019ambiente, la riduzione delle emissioni di anidride carbonica e la promozione di&#8230;<\/p>\n","protected":false},"author":2,"featured_media":0,"comment_status":"closed","ping_status":"closed","sticky":false,"template":"","format":"standard","meta":[],"categories":[49],"tags":[],"_links":{"self":[{"href":"https:\/\/www.cronacaonline.it\/index.php\/wp-json\/wp\/v2\/posts\/91841"}],"collection":[{"href":"https:\/\/www.cronacaonline.it\/index.php\/wp-json\/wp\/v2\/posts"}],"about":[{"href":"https:\/\/www.cronacaonline.it\/index.php\/wp-json\/wp\/v2\/types\/post"}],"author":[{"embeddable":true,"href":"https:\/\/www.cronacaonline.it\/index.php\/wp-json\/wp\/v2\/users\/2"}],"replies":[{"embeddable":true,"href":"https:\/\/www.cronacaonline.it\/index.php\/wp-json\/wp\/v2\/comments?post=91841"}],"version-history":[{"count":0,"href":"https:\/\/www.cronacaonline.it\/index.php\/wp-json\/wp\/v2\/posts\/91841\/revisions"}],"wp:attachment":[{"href":"https:\/\/www.cronacaonline.it\/index.php\/wp-json\/wp\/v2\/media?parent=91841"}],"wp:term":[{"taxonomy":"category","embeddable":true,"href":"https:\/\/www.cronacaonline.it\/index.php\/wp-json\/wp\/v2\/categories?post=91841"},{"taxonomy":"post_tag","embeddable":true,"href":"https:\/\/www.cronacaonline.it\/index.php\/wp-json\/wp\/v2\/tags?post=91841"}],"curies":[{"name":"wp","href":"https:\/\/api.w.org\/{rel}","templated":true}]}}