{"id":91837,"date":"2012-12-03T15:14:04","date_gmt":"2012-12-03T14:14:04","guid":{"rendered":"http:\/\/www.cronacaonline.it\/public\/content\/index.php\/03\/12\/2012\/carceri-sdr-a-mamone-nuovo-record-stranieri-93-manca-lavoro"},"modified":"2012-12-03T15:14:04","modified_gmt":"2012-12-03T14:14:04","slug":"carceri-sdr-a-mamone-nuovo-record-stranieri-93-manca-lavoro","status":"publish","type":"post","link":"https:\/\/www.cronacaonline.it\/index.php\/2012\/12\/03\/carceri-sdr-a-mamone-nuovo-record-stranieri-93-manca-lavoro\/","title":{"rendered":"Carceri: Sdr, a Mamone nuovo record stranieri (93%) manca lavoro"},"content":{"rendered":"<p>\u201cE\u2019 ulteriormente aumentato il numero di stranieri nella Colonia Penale di Mamone, in provincia di Nuoro, che vanta&nbsp;un\u2019estensione territoriale di circa 2.700 ettari. L\u2019arrivo di altri 17 cittadini privati della libert\u00e0 ha portato l\u2019indice al 93% (aveva raggiunto l\u201988% a ottobre). Il nuovo record nazionale di stranieri per\u00f2 non ha migliorato le condizioni di vita dei detenuti che purtroppo, a fronte di un alto numero di presenze, non possono avere garanzie di lavoro adeguate nonostante i programmi di valorizzazione delle produzioni agricole\u201d. Lo afferma Maria Grazia Caligaris, presidente dell\u2019Associazione Socialismo Diritti Riforme&nbsp;&nbsp;sottolineando che \u201ci soldi per il finanziamento delle attivit\u00e0 lavorative straordinarie e comuni sono insufficienti e la maggioranza dei ristretti \u00e8 costretta a rimanere per lungo tempo inattiva nei cameroni\u201d.<\/p>\n<p>\u201cLa Sardegna \u2013 sottolinea Caligaris \u2013 \u00e8 l\u2019unica regione italiana con tre colonie penali e quindi con il pi\u00f9 alto indice di terreni destinati a servit\u00f9 penitenziaria. I cittadini privati della libert\u00e0 che stanno scontando il residuo di pena all\u2019aperto sono prevalentemente marocchini, tunisini e rumeni. Il dato appare ancora pi\u00f9 significativo se si considera che per il Dipartimento dell\u2019Amministrazione Penitenziaria, con i dati aggiornati al 30 settembre 2012, i detenuti stranieri costituiscono complessivamente il 36% dei reclusi nei 206 Istituti della Penisola. Al secondo posto della graduatoria nazionale si colloca un\u2019altra colonia penale sarda quella di Is Arenas con il 78%\u201d.<\/p>\n<p>\u201cUna cos\u00ec massiccia presenza di stranieri \u2013 rileva la presidente di SDR \u2013 \u00e8 un ulteriore segnale inequivocabile di come il Dipartimento non rispetti il principio della territorialit\u00e0 della pena. La maggior parte dei cittadini comunitari ed extracomunitari vengono trasferiti dal Continente, principalmente dall\u2019Italia settentrionale dove spesso risiedono familiari o dove hanno creato relazioni sociali con conterranei. A conclusione della pena rischiano quindi di non trovare pi\u00f9 le persone con le quali avevano convissuto con negativi effetti di disadattamento. La netta superiorit\u00e0 numerica di cittadini prevalentemente islamici genera inoltre talvolta reciproca insofferenza con attriti non sempre controllabili al punto che alcuni detenuti sardi rinunciano alla colonia penale. Anche il cappellano spesso si ritrova a celebrare la Messa domenicale con pochi fedeli. A determinare il pi\u00f9 profondo malessere \u00e8 per\u00f2 la scarsit\u00e0 dell\u2019attivit\u00e0. A parte alcune borse-lavoro infatti la cassa delle ammende \u00e8 praticamente vuota e quindi anche nelle colonie \u00e8 stato necessario \u2013 conclude Caligaris \u2013 organizzare le turnazioni con lunghi periodi di riposo forzato che generano ancora pi\u00f9 profondi malesseri e tensioni\u201d.<\/p>\n","protected":false},"excerpt":{"rendered":"<p>\u201cE\u2019 ulteriormente aumentato il numero di stranieri nella Colonia Penale di Mamone, in provincia di Nuoro, che vanta&nbsp;un\u2019estensione territoriale di circa 2.700 ettari. L\u2019arrivo di&#8230;<\/p>\n","protected":false},"author":2,"featured_media":0,"comment_status":"closed","ping_status":"closed","sticky":false,"template":"","format":"standard","meta":[],"categories":[49],"tags":[],"_links":{"self":[{"href":"https:\/\/www.cronacaonline.it\/index.php\/wp-json\/wp\/v2\/posts\/91837"}],"collection":[{"href":"https:\/\/www.cronacaonline.it\/index.php\/wp-json\/wp\/v2\/posts"}],"about":[{"href":"https:\/\/www.cronacaonline.it\/index.php\/wp-json\/wp\/v2\/types\/post"}],"author":[{"embeddable":true,"href":"https:\/\/www.cronacaonline.it\/index.php\/wp-json\/wp\/v2\/users\/2"}],"replies":[{"embeddable":true,"href":"https:\/\/www.cronacaonline.it\/index.php\/wp-json\/wp\/v2\/comments?post=91837"}],"version-history":[{"count":0,"href":"https:\/\/www.cronacaonline.it\/index.php\/wp-json\/wp\/v2\/posts\/91837\/revisions"}],"wp:attachment":[{"href":"https:\/\/www.cronacaonline.it\/index.php\/wp-json\/wp\/v2\/media?parent=91837"}],"wp:term":[{"taxonomy":"category","embeddable":true,"href":"https:\/\/www.cronacaonline.it\/index.php\/wp-json\/wp\/v2\/categories?post=91837"},{"taxonomy":"post_tag","embeddable":true,"href":"https:\/\/www.cronacaonline.it\/index.php\/wp-json\/wp\/v2\/tags?post=91837"}],"curies":[{"name":"wp","href":"https:\/\/api.w.org\/{rel}","templated":true}]}}