{"id":91827,"date":"2012-12-08T15:14:04","date_gmt":"2012-12-08T14:14:04","guid":{"rendered":"http:\/\/www.cronacaonline.it\/public\/content\/index.php\/08\/12\/2012\/ente-concerti-conferenza-stampa-di-fine-stagione-lunedi-10-dicembre-al-teatro-comunale-di-sassari"},"modified":"2012-12-08T15:14:04","modified_gmt":"2012-12-08T14:14:04","slug":"ente-concerti-conferenza-stampa-di-fine-stagione-lunedi-10-dicembre-al-teatro-comunale-di-sassari","status":"publish","type":"post","link":"https:\/\/www.cronacaonline.it\/index.php\/2012\/12\/08\/ente-concerti-conferenza-stampa-di-fine-stagione-lunedi-10-dicembre-al-teatro-comunale-di-sassari\/","title":{"rendered":"Ente Concerti: conferenza stampa di fine stagione Luned\u00ec 10 dicembre al Teatro Comunale di Sassari."},"content":{"rendered":"<p>Si svolger\u00e0 luned\u00ec 10 dicembre alle ore 10,30, nella sala conferenze al quarto piano del Teatro Comunale di Sassari, la conferenza stampa di fine stagione dell\u2019Ente Concerti \u201cMarialisa de Carolis\u201d.<\/p>\n<p>All\u2019incontro con la stampa saranno presenti il presidente dell\u2019Ente Alessandro Bisail e il direttore artistico Marco Spada.<\/p>\n","protected":false},"excerpt":{"rendered":"<p>Si svolger\u00e0 luned\u00ec 10 dicembre alle ore 10,30, nella sala conferenze al quarto piano del Teatro Comunale di Sassari, la conferenza stampa di fine stagione&#8230;<\/p>\n","protected":false},"author":2,"featured_media":0,"comment_status":"closed","ping_status":"closed","sticky":false,"template":"","format":"standard","meta":[],"categories":[49],"tags":[],"_links":{"self":[{"href":"https:\/\/www.cronacaonline.it\/index.php\/wp-json\/wp\/v2\/posts\/91827"}],"collection":[{"href":"https:\/\/www.cronacaonline.it\/index.php\/wp-json\/wp\/v2\/posts"}],"about":[{"href":"https:\/\/www.cronacaonline.it\/index.php\/wp-json\/wp\/v2\/types\/post"}],"author":[{"embeddable":true,"href":"https:\/\/www.cronacaonline.it\/index.php\/wp-json\/wp\/v2\/users\/2"}],"replies":[{"embeddable":true,"href":"https:\/\/www.cronacaonline.it\/index.php\/wp-json\/wp\/v2\/comments?post=91827"}],"version-history":[{"count":0,"href":"https:\/\/www.cronacaonline.it\/index.php\/wp-json\/wp\/v2\/posts\/91827\/revisions"}],"wp:attachment":[{"href":"https:\/\/www.cronacaonline.it\/index.php\/wp-json\/wp\/v2\/media?parent=91827"}],"wp:term":[{"taxonomy":"category","embeddable":true,"href":"https:\/\/www.cronacaonline.it\/index.php\/wp-json\/wp\/v2\/categories?post=91827"},{"taxonomy":"post_tag","embeddable":true,"href":"https:\/\/www.cronacaonline.it\/index.php\/wp-json\/wp\/v2\/tags?post=91827"}],"curies":[{"name":"wp","href":"https:\/\/api.w.org\/{rel}","templated":true}]}}