{"id":91819,"date":"2012-12-13T15:14:04","date_gmt":"2012-12-13T14:14:04","guid":{"rendered":"http:\/\/www.cronacaonline.it\/public\/content\/index.php\/13\/12\/2012\/incontro-regione-sindacati--cappellacci-incontro-positivo-e-costruttivo"},"modified":"2012-12-13T15:14:04","modified_gmt":"2012-12-13T14:14:04","slug":"incontro-regione-sindacati-cappellacci-incontro-positivo-e-costruttivo","status":"publish","type":"post","link":"https:\/\/www.cronacaonline.it\/index.php\/2012\/12\/13\/incontro-regione-sindacati-cappellacci-incontro-positivo-e-costruttivo\/","title":{"rendered":"Incontro regione-sindacati- Cappellacci: incontro positivo e costruttivo"},"content":{"rendered":"<p>Un incontro positivo e costruttivo, che serve a riprendere il filo del dialogo per aggredire le emergenze pi\u00f9 importanti della nostra isola, prima tra tutte quella occupazionale, e confrontarsi altres\u00ec sulle politiche per la crescita e lo sviluppo\".<\/p>\n<p>Lo ha dichiarato il presidente Cappellacci al termine del vertice svolto stamane a villa Devoto con Cgil, Cisl e Uil. Al centro del confronto, che segue le recenti mobilitazioni sindacali nell'isola, i temi in discussione sul livello regionale, come il piano straordinario del lavoro e le politiche attive per l'occupazione. In primo piano anche le questioni aperte sul piano decisionale nazionale e comunitario.<\/p>\n<p>\"Lavoreremo con un contatto pi\u00f9 stretto sulla questione insularit\u00e0 - ha sottolineato il presidente-, con un maggiore coinvolgimento dei rappresentanti dei lavoratori nelle iniziative intraprese sul fronte europeo\". Particolare attenzione \u00e9 stata dedicata altres\u00ec alle problematiche relative al patto di stabilit\u00e0 e alla cassintegrazione. \"Su quelli che possono essere individuati come obiettivi comuni - ha concluso il presidente - confidiamo di porre in essere anche quelle iniziative che possono trarre maggior forza e maggiore efficacia proprio dal livello di&nbsp;&nbsp;&nbsp;coesione e condivisione che saremo in grado di raggiungere\".<\/p>\n","protected":false},"excerpt":{"rendered":"<p>Un incontro positivo e costruttivo, che serve a riprendere il filo del dialogo per aggredire le emergenze pi\u00f9 importanti della nostra isola, prima tra tutte&#8230;<\/p>\n","protected":false},"author":2,"featured_media":0,"comment_status":"closed","ping_status":"closed","sticky":false,"template":"","format":"standard","meta":[],"categories":[49],"tags":[],"_links":{"self":[{"href":"https:\/\/www.cronacaonline.it\/index.php\/wp-json\/wp\/v2\/posts\/91819"}],"collection":[{"href":"https:\/\/www.cronacaonline.it\/index.php\/wp-json\/wp\/v2\/posts"}],"about":[{"href":"https:\/\/www.cronacaonline.it\/index.php\/wp-json\/wp\/v2\/types\/post"}],"author":[{"embeddable":true,"href":"https:\/\/www.cronacaonline.it\/index.php\/wp-json\/wp\/v2\/users\/2"}],"replies":[{"embeddable":true,"href":"https:\/\/www.cronacaonline.it\/index.php\/wp-json\/wp\/v2\/comments?post=91819"}],"version-history":[{"count":0,"href":"https:\/\/www.cronacaonline.it\/index.php\/wp-json\/wp\/v2\/posts\/91819\/revisions"}],"wp:attachment":[{"href":"https:\/\/www.cronacaonline.it\/index.php\/wp-json\/wp\/v2\/media?parent=91819"}],"wp:term":[{"taxonomy":"category","embeddable":true,"href":"https:\/\/www.cronacaonline.it\/index.php\/wp-json\/wp\/v2\/categories?post=91819"},{"taxonomy":"post_tag","embeddable":true,"href":"https:\/\/www.cronacaonline.it\/index.php\/wp-json\/wp\/v2\/tags?post=91819"}],"curies":[{"name":"wp","href":"https:\/\/api.w.org\/{rel}","templated":true}]}}