{"id":91810,"date":"2012-12-04T15:14:04","date_gmt":"2012-12-04T14:14:04","guid":{"rendered":"http:\/\/www.cronacaonline.it\/public\/content\/index.php\/04\/12\/2012\/in-manette-cagliaritano-per-tentato-furto-aggravato"},"modified":"2012-12-04T15:14:04","modified_gmt":"2012-12-04T14:14:04","slug":"in-manette-cagliaritano-per-tentato-furto-aggravato","status":"publish","type":"post","link":"https:\/\/www.cronacaonline.it\/index.php\/2012\/12\/04\/in-manette-cagliaritano-per-tentato-furto-aggravato\/","title":{"rendered":"In manette cagliaritano per tentato furto aggravato."},"content":{"rendered":"<p>Ieri gli agenti della Squadra Volanti della Questura di Cagliari hanno arrestato per tentato furto aggravato, Simone Sois, 32 anni, cagliaritano, con precedenti di polizia.<\/p>\n<p>Nella serata di ieri \u00e8 giunta la telefonata, al Centro Operativo Telecomunicazioni della Questura di Cagliari, con la quale si segnalava un giovane che scappava dalla propria abitazione sita in Via Guttuso.<\/p>\n<p>Il proprietario, infatti, che al momento non si trovava in casa, ha riferito che il furto gli \u00e8 stato segnalato da un suo vicino, che, accortosi dell\u2019allarme in funzione, lo avvisava e nel frattempo si affacciava notando un giovane allontanarsi a piedi.<\/p>\n<p>Pochi istanti dopo \u00e8 giunto il proprietario, che, assieme al vicino, ha fatto un giro nei dintorni alla ricerca del ladro che \u00e8 stato incrociato nella stessa via. Il giovane \u00e8 stato immediatamente riconosciuto dal vicino e il proprietario dell\u2019abitazione gli ha urlato di chiamare subito la Polizia per fermarlo.&nbsp;<\/p>\n<p>Gli agenti della Squadra Volante, giunti sul posto, raccolte le descrizioni del ragazzo, si sono posti alla ricerca e lo hanno rintracciato all\u2019angolo tra via Guttuso e via del Lentisco.<\/p>\n<p>La vittima del furto nel frattempo ha constatato che era stata rotta una porta-finestra della cucina&nbsp; e forzata una finestra del soggiorno,&nbsp; utilizzando alcuni attrezzi da giardino presi sul posto e ha verificato che era stata messa a soqquadro la cabina armadio della camera da letto.<\/p>\n<p><BR>Dell\u2019avvenuto arresto \u00e8 stato informato il P.M. di turno presso il Tribunale Ordinario di Cagliari il quale ha disposto che Sois fosse riaccompagnato presso la propria abitazione in regime di arresti domiciliari in attesa del processo che si terr\u00e0&nbsp; oggi.<\/p>\n","protected":false},"excerpt":{"rendered":"<p>Ieri gli agenti della Squadra Volanti della Questura di Cagliari hanno arrestato per tentato furto aggravato, Simone Sois, 32 anni, cagliaritano, con precedenti di polizia.&#8230;<\/p>\n","protected":false},"author":2,"featured_media":0,"comment_status":"closed","ping_status":"closed","sticky":false,"template":"","format":"standard","meta":[],"categories":[49],"tags":[],"_links":{"self":[{"href":"https:\/\/www.cronacaonline.it\/index.php\/wp-json\/wp\/v2\/posts\/91810"}],"collection":[{"href":"https:\/\/www.cronacaonline.it\/index.php\/wp-json\/wp\/v2\/posts"}],"about":[{"href":"https:\/\/www.cronacaonline.it\/index.php\/wp-json\/wp\/v2\/types\/post"}],"author":[{"embeddable":true,"href":"https:\/\/www.cronacaonline.it\/index.php\/wp-json\/wp\/v2\/users\/2"}],"replies":[{"embeddable":true,"href":"https:\/\/www.cronacaonline.it\/index.php\/wp-json\/wp\/v2\/comments?post=91810"}],"version-history":[{"count":0,"href":"https:\/\/www.cronacaonline.it\/index.php\/wp-json\/wp\/v2\/posts\/91810\/revisions"}],"wp:attachment":[{"href":"https:\/\/www.cronacaonline.it\/index.php\/wp-json\/wp\/v2\/media?parent=91810"}],"wp:term":[{"taxonomy":"category","embeddable":true,"href":"https:\/\/www.cronacaonline.it\/index.php\/wp-json\/wp\/v2\/categories?post=91810"},{"taxonomy":"post_tag","embeddable":true,"href":"https:\/\/www.cronacaonline.it\/index.php\/wp-json\/wp\/v2\/tags?post=91810"}],"curies":[{"name":"wp","href":"https:\/\/api.w.org\/{rel}","templated":true}]}}