{"id":91802,"date":"2012-12-03T15:14:04","date_gmt":"2012-12-03T14:14:04","guid":{"rendered":"http:\/\/www.cronacaonline.it\/public\/content\/index.php\/03\/12\/2012\/spread-sotto-quota-300-monti-punto-a-287-indovinate-perche"},"modified":"2012-12-03T15:14:04","modified_gmt":"2012-12-03T14:14:04","slug":"spread-sotto-quota-300-monti-punto-a-287-indovinate-perche","status":"publish","type":"post","link":"https:\/\/www.cronacaonline.it\/index.php\/2012\/12\/03\/spread-sotto-quota-300-monti-punto-a-287-indovinate-perche\/","title":{"rendered":"Spread sotto quota 300, Monti: punto a 287, &#8220;indovinate perch\u00e9&#8230;&#8221;"},"content":{"rendered":"<p>Scivola sotto i 300 punti base per la prima volta dal 21 marzo scorso lo spread tra il Btp e il Bund tedesco.&nbsp;<\/p>\n<p>Lo spread tra il Btp e il Bund tedesco scende sotto quota 295 a 292 punti base. Il tasso sul Titolo del tesoro cala al 4,37%.<\/p>\n<p>\"Non ho pensato a quali possano essere le cause o le&nbsp;concause dietro il dolce, apprezzato, graduale movimento al&nbsp;ribasso dello spread - \u00e8 il commento di Mario Monti dopo il colloquio odierno con il presidente francese Fran\u00e7ois Hollande &nbsp;a Lione -Ho per\u00f2 detto al presidente Hollande a&nbsp;conclusione del nostro incontro che forse passare tempo con&nbsp;la Francia giova anche a un ravvicinamento ulteriore tra&nbsp;Italia e Germania non certo in termini politici (non occorre,&nbsp;andiamo d'amore e a d'accordo), ma in termini di livello di&nbsp;tassi di interesse\". Monti \"confessa\" ancora, a proposito&nbsp;della \"giornata positiva\" in cui lo spread \u00e8 sceso sotto&nbsp;quota 300, che per lui \"c'\u00e8 un livello di spread di 287&nbsp;punti base che rappresenta un punto di particolare&nbsp;significato. Lascio come un quiz di indovinare il perch\u00e9\".&nbsp;Ma subito dopo il presidente del Consiglio rileva che quota&nbsp;287 \"sarebbe la met\u00e0 dei 574 con cui il nostro percorso \u00e8&nbsp;iniziato\". Pi\u00f9 in generale, per Monti scendere sotto quota&nbsp;300 \u00e8 positivo e testimonia che \"siamo in chiara linea&nbsp;decrescente\", ma non siamo ancora a un livello \"accettabile e&nbsp;fisiologico\".&nbsp;<\/p>\n<p>Atene lancia ufficialmente il piano di buyback bond per ottenere gli aiuti europei e allontanare lo spettro del default. L'agenzia nazionale del debito greco, Pdma, annuncia di aver avviato il programma di buyback volontario di titoli del debito pubblico detenuti dai creditori privati. Il programma&nbsp;\u00e8 stato ordinato alla Grecia da Fmi e Eurogruppo ed&nbsp;\u00e8 propedeutico all'arrivo del nuovo piano di aiuti.<\/p>\n<p>Il Pdma precisa che i detentori di titoli del debito pubblico greco sono stati invitati a cedere i bond in cambio del pagamento di un valore tra il 32,2% e il 40,1% del loro valore facciale, in un'operazione di riacquisto fino a 10 miliardi di euro, che sono un anticipo sui futuri prestiti concessi alla Grecia proprio per il buyback.<\/p>\n<p>La Pdma ha avviato il programma di buyback, attraverso un'asta di tipo olandese, che prevede un nuovo metodo di offerta. In pratica gli investitori dichiarano quanti titoli intendono vendere, prima della determinazione del prezzo.<\/p>\n<p>I prezzi minimi stabiliti dal Pdma rientrano in una gamma di 20 tipi, che dipendono dalle scadenze dei titoli e variano da una fascia minima tra il 30,2% e il 38,1% del loro valore facciale e un massimo che oscilla tra il 32,2% e il 40,1%. Gli investitori devono dichiarare il proprio interesse a vendere tra il 7 e il 17 dicembre. L'operazione spinge i mercati: le borse europee accrescono i loro guadagni.<\/p>\n","protected":false},"excerpt":{"rendered":"<p>Scivola sotto i 300 punti base per la prima volta dal 21 marzo scorso lo spread tra il Btp e il Bund tedesco.&nbsp; Lo spread&#8230;<\/p>\n","protected":false},"author":2,"featured_media":0,"comment_status":"closed","ping_status":"closed","sticky":false,"template":"","format":"standard","meta":[],"categories":[49],"tags":[],"_links":{"self":[{"href":"https:\/\/www.cronacaonline.it\/index.php\/wp-json\/wp\/v2\/posts\/91802"}],"collection":[{"href":"https:\/\/www.cronacaonline.it\/index.php\/wp-json\/wp\/v2\/posts"}],"about":[{"href":"https:\/\/www.cronacaonline.it\/index.php\/wp-json\/wp\/v2\/types\/post"}],"author":[{"embeddable":true,"href":"https:\/\/www.cronacaonline.it\/index.php\/wp-json\/wp\/v2\/users\/2"}],"replies":[{"embeddable":true,"href":"https:\/\/www.cronacaonline.it\/index.php\/wp-json\/wp\/v2\/comments?post=91802"}],"version-history":[{"count":0,"href":"https:\/\/www.cronacaonline.it\/index.php\/wp-json\/wp\/v2\/posts\/91802\/revisions"}],"wp:attachment":[{"href":"https:\/\/www.cronacaonline.it\/index.php\/wp-json\/wp\/v2\/media?parent=91802"}],"wp:term":[{"taxonomy":"category","embeddable":true,"href":"https:\/\/www.cronacaonline.it\/index.php\/wp-json\/wp\/v2\/categories?post=91802"},{"taxonomy":"post_tag","embeddable":true,"href":"https:\/\/www.cronacaonline.it\/index.php\/wp-json\/wp\/v2\/tags?post=91802"}],"curies":[{"name":"wp","href":"https:\/\/api.w.org\/{rel}","templated":true}]}}