{"id":91787,"date":"2012-12-03T15:14:04","date_gmt":"2012-12-03T14:14:04","guid":{"rendered":"http:\/\/www.cronacaonline.it\/public\/content\/index.php\/03\/12\/2012\/documento-di-solidarieta-al-sindaco-di-orani-franco-pinna-approvato-questa-mattina-dalla-giunta-provinciale-di-nuoro-presieduta-da-roberto-deriu"},"modified":"2012-12-03T15:14:04","modified_gmt":"2012-12-03T14:14:04","slug":"documento-di-solidarieta-al-sindaco-di-orani-franco-pinna-approvato-questa-mattina-dalla-giunta-provinciale-di-nuoro-presieduta-da-roberto-deriu","status":"publish","type":"post","link":"https:\/\/www.cronacaonline.it\/index.php\/2012\/12\/03\/documento-di-solidarieta-al-sindaco-di-orani-franco-pinna-approvato-questa-mattina-dalla-giunta-provinciale-di-nuoro-presieduta-da-roberto-deriu\/","title":{"rendered":"Documento di solidariet\u00e0 al Sindaco di Orani Franco Pinna, approvato questa mattina dalla giunta provinciale di Nuoro, presieduta da Roberto Deriu."},"content":{"rendered":"<p>\"Esprimiamo la nostra forte preoccupazione e la ferma condanna per l\u2019ennesimo atto intimidatorio compiuto ad Orani, ai danni del Sindaco Franco Pinna.<\/p>\n<p>Si tratta, purtroppo, dell\u2019ultimo episodio in ordine di tempo, di una strategia che mira ad ostacolare e condizionare l\u2019attivit\u00e0 portata avanti con coraggio e determinazione dagli amministratori locali, che tra notevoli difficolt\u00e0 affrontano i numerosi problemi che affliggono le comunit\u00e0 del territorio.<\/p>\n<p>Manifestiamo, pertanto, la nostra piena ed incondizionata solidariet\u00e0 e vicinanza, a tutti i Sindaci e ai loro concittadini, auspicando che a simili gesti segua una ferma condanna delle istituzioni e una decisa reazione della societ\u00e0 civile.<\/p>\n<p>Rinnoviamo, nel contempo, al Sindaco di Orani Franco Pinna e a tutti gli amministratori colpiti recentemente da simili atti di violenza,&nbsp; il nostro invito a continuare con immutato impegno nello svolgimento del mandato elettorale liberamente e democraticamente assegnato dagli elettori\".<\/p>\n","protected":false},"excerpt":{"rendered":"<p>&#8220;Esprimiamo la nostra forte preoccupazione e la ferma condanna per l\u2019ennesimo atto intimidatorio compiuto ad Orani, ai danni del Sindaco Franco Pinna. Si tratta, purtroppo,&#8230;<\/p>\n","protected":false},"author":2,"featured_media":0,"comment_status":"closed","ping_status":"closed","sticky":false,"template":"","format":"standard","meta":[],"categories":[49],"tags":[],"_links":{"self":[{"href":"https:\/\/www.cronacaonline.it\/index.php\/wp-json\/wp\/v2\/posts\/91787"}],"collection":[{"href":"https:\/\/www.cronacaonline.it\/index.php\/wp-json\/wp\/v2\/posts"}],"about":[{"href":"https:\/\/www.cronacaonline.it\/index.php\/wp-json\/wp\/v2\/types\/post"}],"author":[{"embeddable":true,"href":"https:\/\/www.cronacaonline.it\/index.php\/wp-json\/wp\/v2\/users\/2"}],"replies":[{"embeddable":true,"href":"https:\/\/www.cronacaonline.it\/index.php\/wp-json\/wp\/v2\/comments?post=91787"}],"version-history":[{"count":0,"href":"https:\/\/www.cronacaonline.it\/index.php\/wp-json\/wp\/v2\/posts\/91787\/revisions"}],"wp:attachment":[{"href":"https:\/\/www.cronacaonline.it\/index.php\/wp-json\/wp\/v2\/media?parent=91787"}],"wp:term":[{"taxonomy":"category","embeddable":true,"href":"https:\/\/www.cronacaonline.it\/index.php\/wp-json\/wp\/v2\/categories?post=91787"},{"taxonomy":"post_tag","embeddable":true,"href":"https:\/\/www.cronacaonline.it\/index.php\/wp-json\/wp\/v2\/tags?post=91787"}],"curies":[{"name":"wp","href":"https:\/\/api.w.org\/{rel}","templated":true}]}}