{"id":91780,"date":"2012-12-21T15:14:04","date_gmt":"2012-12-21T14:14:04","guid":{"rendered":"http:\/\/www.cronacaonline.it\/public\/content\/index.php\/21\/12\/2012\/firmato-un-protocollo-dintesa-tra-lufficio-scolastico-regionale-della-sardegna-e-il-corpo-forestale-e-di-vigilanza-ambientale"},"modified":"2012-12-21T15:14:04","modified_gmt":"2012-12-21T14:14:04","slug":"firmato-un-protocollo-dintesa-tra-lufficio-scolastico-regionale-della-sardegna-e-il-corpo-forestale-e-di-vigilanza-ambientale","status":"publish","type":"post","link":"https:\/\/www.cronacaonline.it\/index.php\/2012\/12\/21\/firmato-un-protocollo-dintesa-tra-lufficio-scolastico-regionale-della-sardegna-e-il-corpo-forestale-e-di-vigilanza-ambientale\/","title":{"rendered":"Firmato un protocollo d\u2019intesa tra l\u2019Ufficio Scolastico Regionale della Sardegna e il Corpo forestale e di Vigilanza Ambientale."},"content":{"rendered":"<p><FONT face=Times>Firmato un protocollo d\u2019intesa tra l\u2019Ufficio Scolastico Regionale della Sardegna e il Corpo forestale e di Vigilanza Ambientale. <BR>L\u2019intesa, siglata dal Direttore dell\u2019Ufficio Scolastico Regionale, dottor Enrico Tocco e dal Comandante del Corpo, dottor Carlo Masnata, ha lo scopo di integrare i programmi educativi scolastici e l\u2019attivit\u00e0 di prevenzione dell\u2019illegalit\u00e0 e di sensibilizzazione alla tutela ambientale svolta dal Corpo forestale nelle scuole della Sardegna.<\/FONT><\/p>\n<p><FONT face=Times>L\u2019intesa nasce dalla consapevolezza che conoscenza e prevenzione rappresentano le armi pi\u00f9 potenti contro le condotte che causano degrado o distruzione delle componenti ambientali. Il Corpo Forestale considera dunque essenziale proporre percorsi di educazione civica ambientale gi\u00e0 in fase scolastica poich\u00e9 quando la sensibilit\u00e0 e la cultura del rispetto, del bene ambiente, sono acquisite fin da bambini, \u00e8 pi\u00f9 probabile un approccio corretto, maturo e responsabile da adulti.<\/FONT><\/p>\n<p><FONT face=Times>Il progetto vuole infatti migliorare i risultati di questa azione di sensibilizzazione dei giovani erogata, gi\u00e0 da molti anni dal Corpo, grazie alla grande collaborazione delle Istituzioni scolastiche in tutto il territorio sardo. <BR>Per questo motivo, il Corpo si \u00e8 rivolto al massimo partner istituzionale, l\u2019Ufficio Scolastico Regionale, nella certezza che, con l\u2019impulso di una cos\u00ec valida collaborazione, si potr\u00e0 progettare e attuare un programma regionale pluriennale di sensibilizzazione degli studenti sui temi dell\u2019ambiente.<\/FONT><\/p>\n<p><FONT face=Times>Forte della nuova partnership e programmazione il Corpo Forestale intende anche mettere sotto esame il proprio impegno, sottoponendo a monitoraggio e verifica le esperienze di sensibilizzazione che saranno realizzate sul territorio nell\u2019ambito dell\u2019intesa.<\/FONT><\/p>\n<p><FONT face=Times>L\u2019iniziativa si inquadra negli atti di programmazione della Giunta e dell\u2019Assessore Regionale della difesa dell\u2019Ambiente. Infatti, il Piano Regionale di Sviluppo, che definisce le azioni strategiche di tutto l\u2019apparato regionale, prevede, nel contesto dell\u2019efficace risposta alle esigenze ambientali, \u201cuna politica mirata di prevenzione al fenomeno degli incendi boschivi attraverso la cura e manutenzione del territorio boscato, pi\u00f9 in generale rurale, e un\u2019importante opera di sensibilizzazione e informazione alle popolazioni locali.\u201d <\/FONT><\/p>\n<p><FONT face=Times>L\u2019Assessore ha pertanto assegnato al Corpo forestale un obiettivo strategico di comunicazione istituzionale, consistente nella pianificazione e avvio di un piano di educazione ambientale nelle scuole con riscontro del gradimento dei fruitori.<\/FONT><\/p>\n","protected":false},"excerpt":{"rendered":"<p>Firmato un protocollo d\u2019intesa tra l\u2019Ufficio Scolastico Regionale della Sardegna e il Corpo forestale e di Vigilanza Ambientale. L\u2019intesa, siglata dal Direttore dell\u2019Ufficio Scolastico Regionale,&#8230;<\/p>\n","protected":false},"author":2,"featured_media":0,"comment_status":"closed","ping_status":"closed","sticky":false,"template":"","format":"standard","meta":[],"categories":[49],"tags":[],"_links":{"self":[{"href":"https:\/\/www.cronacaonline.it\/index.php\/wp-json\/wp\/v2\/posts\/91780"}],"collection":[{"href":"https:\/\/www.cronacaonline.it\/index.php\/wp-json\/wp\/v2\/posts"}],"about":[{"href":"https:\/\/www.cronacaonline.it\/index.php\/wp-json\/wp\/v2\/types\/post"}],"author":[{"embeddable":true,"href":"https:\/\/www.cronacaonline.it\/index.php\/wp-json\/wp\/v2\/users\/2"}],"replies":[{"embeddable":true,"href":"https:\/\/www.cronacaonline.it\/index.php\/wp-json\/wp\/v2\/comments?post=91780"}],"version-history":[{"count":0,"href":"https:\/\/www.cronacaonline.it\/index.php\/wp-json\/wp\/v2\/posts\/91780\/revisions"}],"wp:attachment":[{"href":"https:\/\/www.cronacaonline.it\/index.php\/wp-json\/wp\/v2\/media?parent=91780"}],"wp:term":[{"taxonomy":"category","embeddable":true,"href":"https:\/\/www.cronacaonline.it\/index.php\/wp-json\/wp\/v2\/categories?post=91780"},{"taxonomy":"post_tag","embeddable":true,"href":"https:\/\/www.cronacaonline.it\/index.php\/wp-json\/wp\/v2\/tags?post=91780"}],"curies":[{"name":"wp","href":"https:\/\/api.w.org\/{rel}","templated":true}]}}