{"id":91768,"date":"2012-12-13T15:14:04","date_gmt":"2012-12-13T14:14:04","guid":{"rendered":"http:\/\/www.cronacaonline.it\/public\/content\/index.php\/13\/12\/2012\/le-stelle-del-balletto-di-praga-in-la-bella-addormentata-di-268ajkovskijal-teatro-lirico-di-cagliari-per-la-stagione-lirica-e-di-balletto-2012"},"modified":"2012-12-13T15:14:04","modified_gmt":"2012-12-13T14:14:04","slug":"le-stelle-del-balletto-di-praga-in-la-bella-addormentata-di-268ajkovskijal-teatro-lirico-di-cagliari-per-la-stagione-lirica-e-di-balletto-2012","status":"publish","type":"post","link":"https:\/\/www.cronacaonline.it\/index.php\/2012\/12\/13\/le-stelle-del-balletto-di-praga-in-la-bella-addormentata-di-268ajkovskijal-teatro-lirico-di-cagliari-per-la-stagione-lirica-e-di-balletto-2012\/","title":{"rendered":"Le stelle del Balletto di Praga in La bella addormentata di \u010cajkovskij,al Teatro Lirico di Cagliari per la Stagione lirica e di balletto 2012"},"content":{"rendered":"<p>Sabato 15 dicembre (turno A), alle 20.30 va in scena il sesto ed ultimo appuntamento della Stagione lirica e di balletto 2012 del Teatro Lirico di Cagliari: ritorna la grande danza classica con La bella addormentata, balletto in un prologo e tre atti dalla fiaba La belle au bois dormant di Charles Perrault e musica di P\u00ebtr Il'i&#269; &#268;ajkovskij (Kamsko-Votkinsk, governatorato di Vjatka, 1840 - San Pietroburgo, 1893), nell\u2019interpretazione del Balletto del Teatro Nazionale di Praga, una delle pi\u00f9 celebri e prestigiose compagnie di danza al mondo e massimo esempio della tradizione coreografica romantica.<\/p>\n<p>L\u2019Orchestra del Teatro Lirico \u00e8 diretta da V\u00e1clav Zahradn\u00edk. Le coreografie sono di Javier Torres (da Marius Petipa), mentre le scene sono affidate a Minna Wallenius, i costumi a Erika Turunen, le luci a Olli-Pekka Koivunen ed i video a Timo Nyman.<\/p>\n<p>Interpreti principali della Bella addormentata sono alcune delle pi\u00f9 celebri stelle del Balletto del Teatro Nazionale di Praga, che si alternano nelle diverse recite: Rebecca King (15, 18, 20, 22)\/Nikola M\u00e1rov\u00e1 (16, 19, 21) nel ruolo della Principessa Aurora, Michal \u0160t\u00edpa (15, 18, 20, 22)\/Adam Zvona&#345; (16, 19, 21) in quello del Principe D\u00e9sir\u00e9. Com<\/p>\n","protected":false},"excerpt":{"rendered":"<p>Sabato 15 dicembre (turno A), alle 20.30 va in scena il sesto ed ultimo appuntamento della Stagione lirica e di balletto 2012 del Teatro Lirico&#8230;<\/p>\n","protected":false},"author":2,"featured_media":0,"comment_status":"closed","ping_status":"closed","sticky":false,"template":"","format":"standard","meta":[],"categories":[49],"tags":[],"_links":{"self":[{"href":"https:\/\/www.cronacaonline.it\/index.php\/wp-json\/wp\/v2\/posts\/91768"}],"collection":[{"href":"https:\/\/www.cronacaonline.it\/index.php\/wp-json\/wp\/v2\/posts"}],"about":[{"href":"https:\/\/www.cronacaonline.it\/index.php\/wp-json\/wp\/v2\/types\/post"}],"author":[{"embeddable":true,"href":"https:\/\/www.cronacaonline.it\/index.php\/wp-json\/wp\/v2\/users\/2"}],"replies":[{"embeddable":true,"href":"https:\/\/www.cronacaonline.it\/index.php\/wp-json\/wp\/v2\/comments?post=91768"}],"version-history":[{"count":0,"href":"https:\/\/www.cronacaonline.it\/index.php\/wp-json\/wp\/v2\/posts\/91768\/revisions"}],"wp:attachment":[{"href":"https:\/\/www.cronacaonline.it\/index.php\/wp-json\/wp\/v2\/media?parent=91768"}],"wp:term":[{"taxonomy":"category","embeddable":true,"href":"https:\/\/www.cronacaonline.it\/index.php\/wp-json\/wp\/v2\/categories?post=91768"},{"taxonomy":"post_tag","embeddable":true,"href":"https:\/\/www.cronacaonline.it\/index.php\/wp-json\/wp\/v2\/tags?post=91768"}],"curies":[{"name":"wp","href":"https:\/\/api.w.org\/{rel}","templated":true}]}}