{"id":91750,"date":"2012-11-23T15:14:04","date_gmt":"2012-11-23T14:14:04","guid":{"rendered":"http:\/\/www.cronacaonline.it\/public\/content\/index.php\/23\/11\/2012\/marmilla-la-spisa-ripartire-dalle-eccellenze-dellagroalimentare-e-dal-turismo-sostenibile"},"modified":"2012-11-23T15:14:04","modified_gmt":"2012-11-23T14:14:04","slug":"marmilla-la-spisa-ripartire-dalle-eccellenze-dellagroalimentare-e-dal-turismo-sostenibile","status":"publish","type":"post","link":"https:\/\/www.cronacaonline.it\/index.php\/2012\/11\/23\/marmilla-la-spisa-ripartire-dalle-eccellenze-dellagroalimentare-e-dal-turismo-sostenibile\/","title":{"rendered":"Marmilla: La Spisa, ripartire dalle eccellenze dell\u2019agroalimentare e dal turismo sostenibile"},"content":{"rendered":"<p>\u201cOggi, pi\u00f9 che mai, in un periodo di difficolt\u00e0 economica e sociale senza precedenti, \u00e8 necessario indirizzare le risorse verso uno sviluppo territoriale che si concretizzi orientando i fondi in modo da creare sviluppo, ricchezza e lavoro, attraverso strumenti innovativi. Per questo per il rilancio delle aree di crisi della nostra isola stiamo puntando in modo deciso sui Progetti di Filiera e Sviluppo Locale (PFSL). <\/p>\n<p>Nel momento in cui verranno allentati i limiti del Patto di Stabilit\u00e0, per l\u2019area della Marmilla saranno disponibili 15 milioni per sostegno delle imprese, sviluppo, riqualificazione delle risorse umane e istituzioni locali. Questo territorio deve riscoprire le proprie tradizioni e ripartire dalle eccellenze dell\u2019agroalimentare, dalla valorizzazione dei settori tradizionali e dallo sviluppo di forme sostenibili di ricettivit\u00e0 e ospitalit\u00e0\u201d.<\/p>\n<p>E\u2019 quanto affermato dal vice presidente e assessore della Programmazione Giorgio La Spisa, che ha aperto oggi a Barumini i lavori del seminario informativo su come accedere agli interventi previsti in Marmilla per l\u2019attuazione dei Progetti di Filiera e Sviluppo Locale (PFSL) indirizzati al rilancio delle aree di crisi della Sardegna, organizzato dal Centro Regionale di Programmazione, con il supporto del Bic Sardegna \u2013 Sardegna Imprese e Sviluppo in qualit\u00e0 di Soggetto Attuatore.<\/p>\n<p>\u201cPer le imprese dell\u2019area svantaggiata della Marmilla \u2013 ha sottolineato La Spisa - si tratta di un\u2019occasione importante per migliorare la competitivit\u00e0&nbsp; e prendere parte al rilancio del territorio\u201d. Com<\/p>\n","protected":false},"excerpt":{"rendered":"<p>\u201cOggi, pi\u00f9 che mai, in un periodo di difficolt\u00e0 economica e sociale senza precedenti, \u00e8 necessario indirizzare le risorse verso uno sviluppo territoriale che si&#8230;<\/p>\n","protected":false},"author":2,"featured_media":0,"comment_status":"closed","ping_status":"closed","sticky":false,"template":"","format":"standard","meta":[],"categories":[49],"tags":[],"_links":{"self":[{"href":"https:\/\/www.cronacaonline.it\/index.php\/wp-json\/wp\/v2\/posts\/91750"}],"collection":[{"href":"https:\/\/www.cronacaonline.it\/index.php\/wp-json\/wp\/v2\/posts"}],"about":[{"href":"https:\/\/www.cronacaonline.it\/index.php\/wp-json\/wp\/v2\/types\/post"}],"author":[{"embeddable":true,"href":"https:\/\/www.cronacaonline.it\/index.php\/wp-json\/wp\/v2\/users\/2"}],"replies":[{"embeddable":true,"href":"https:\/\/www.cronacaonline.it\/index.php\/wp-json\/wp\/v2\/comments?post=91750"}],"version-history":[{"count":0,"href":"https:\/\/www.cronacaonline.it\/index.php\/wp-json\/wp\/v2\/posts\/91750\/revisions"}],"wp:attachment":[{"href":"https:\/\/www.cronacaonline.it\/index.php\/wp-json\/wp\/v2\/media?parent=91750"}],"wp:term":[{"taxonomy":"category","embeddable":true,"href":"https:\/\/www.cronacaonline.it\/index.php\/wp-json\/wp\/v2\/categories?post=91750"},{"taxonomy":"post_tag","embeddable":true,"href":"https:\/\/www.cronacaonline.it\/index.php\/wp-json\/wp\/v2\/tags?post=91750"}],"curies":[{"name":"wp","href":"https:\/\/api.w.org\/{rel}","templated":true}]}}