{"id":91743,"date":"2012-11-26T15:14:04","date_gmt":"2012-11-26T14:14:04","guid":{"rendered":"http:\/\/www.cronacaonline.it\/public\/content\/index.php\/26\/11\/2012\/marco-faelli-presenta-fidelio-di-ludwig-van-beethoven-al-teatro-lirico-di-cagliari"},"modified":"2012-11-26T15:14:04","modified_gmt":"2012-11-26T14:14:04","slug":"marco-faelli-presenta-fidelio-di-ludwig-van-beethoven-al-teatro-lirico-di-cagliari","status":"publish","type":"post","link":"https:\/\/www.cronacaonline.it\/index.php\/2012\/11\/26\/marco-faelli-presenta-fidelio-di-ludwig-van-beethoven-al-teatro-lirico-di-cagliari\/","title":{"rendered":"Marco Faelli presenta Fidelio di Ludwig van Beethoven al Teatro Lirico di Cagliari"},"content":{"rendered":"<p>Domani, marted\u00ec 27 novembre, alle 17, nel foyer di platea del Teatro Lirico di Cagliari, il consulente artistico Marco Faelli presenta l\u2019opera Fidelio di Ludwig van Beethoven, in un incontro con il pubblico intitolato: Da Salome a Fidelio. Il singspiel in due atti, va in scena, venerd\u00ec 30 novembre alle 20.30 (turno A), per la Stagione lirica e di balletto 2012 del Teatro Lirico di Cagliari.<\/p>\n<p>L'ingresso alla presentazione \u00e8 libero.<\/p>\n<p>Marco Faelli - \u00c8 laureato in Fisica teorica all\u2019Universit\u00e0 degli Studi di Parma. Dopo gli studi di Composizione con Bruno Bettinelli, si \u00e8 diplomato in Direzione d\u2019orchestra al Conservatorio di Musica \u201cGiuseppe Verdi\u201d di Milano con Gabriele Bellini, perfezionandosi, in seguito, all\u2019Accademia \u201cOttorino Respighi\u201d di Roma con Ferenc Nagy e Hans Priem Bergrath, e, quindi, alla Fondazione I Pomeriggi Musicali con Gianluigi Gelmetti. Ha, inoltre, seguito, per un certo periodo, l\u2019attivit\u00e0 di Peter Maag, uno dei principali punti di riferimento (assieme ad Aldo Ceccato) per la sua formazione di interprete. Ha iniziato l\u2019attivit\u00e0 artistica nel 1975 al Teatro Regio di Parma come Maestro sostituto. Dal 1980 al 1986 \u00e8 stato prima \u201cAssistente alla Direzione del Coro\u201d e poi \u201cAltro Maestro del Coro\u201d al Teatro alla Scala di Milano, dove ha collaborato con Romano Gandolfi (di cui \u00e8 stato allievo) e Giulio Bertola. Sempre al Teatro alla Scala \u00e8 stato anche Direttore del Coro di voci bianche dal 1980 al 1986. \u00c8 stato Maestro del Coro del Teatro Carlo Felice di Genova (1986-1988), del Teatro Regio di Parma (1989-2002), della Fondazione \u201cArturo Toscanini\u201d di Parma (1996-2006), dell\u2019Arena di Verona (2002-2010). Ha anche svolto attivit\u00e0 di Direttore del Coro dei complessi di Radio France e della Radiotelevisione spagnola. Come Direttore del Coro ha al suo attivo molte registrazioni discografiche tra cui, in occasione del centenario verdiano, Messa da Requiem ed Il Trovatore. Ha esordito come Direttore d\u2019orchestra al Teatro Carlo Felice di Genova, e ha poi diretto opere liriche e concerti sinfonici in Italia ed all\u2019estero, specializzandosi soprattutto nel settore sinfonico-corale. Il suo repertorio comprende, tra l\u2019altro: Messa da Requiem di Verdi; Requiem, Grande Messa in do minore, Davidde penitente, Vesperae solemnes de confessore, Kr\u00f6nungsmesse di Mozart; Christus am \u00d6lberge, Nona Sinfonia e Fantasia per pianoforte, coro, orchestra di Beethoven; Weihnachtsoratorium, Passione secondo Giovanni, Magnificat, Messe e cantate di Bach; Dettingen Te Deum, Utrecht Te Deum, Dixit Dominus, Messiah, Israele in Egitto di Haendel; Oratorio di Natale di Telemann; Die Sch\u00f6pfung, Theresienmesse, Missa Sancti Nicolai di Haydn; Oratorio di Pasqua di Buxtehude; Te Deum di Charpentier; oratori di Carissimi; Rappresentatione di Anima et di Corpo di Emilio de\u2019 Cavalieri; Sacrae Symphoniae di Giovanni Gabrieli; Te Deum, Dies Irae, Alcidiane et Polexandre di Lully; cantate, Anthems di Purcell; Gloria, Credo, Magnificat, Dixit Dominus, Lauda Jerusalem, Stabat Mater di Vivaldi; Stabat Mater di Pergolesi; Historia der Geburt Christi, Historia der Auferstehung di Sch\u00fctz; Hofkapelmeistermesse di Salieri; Stabat Mater, Petite Messe solennelle di Rossini; Oratorio di Natale di Saint-Saens; Stabat Mater di Poulenc, Carmina Burana, Catulli Carmina di Orff; Les Noces, Messa, Sinfonia di Salmi di Stravinskij. Con i complessi da lui fondati, il \u201cCollegium Farnesianum\u201d (orchestra barocca con strumenti originali), il \u201cCoro Cameristico Maria Luigia\u201d ed il \u201cCoro Filarmonico di Parma\u201d, si \u00e8 dedicato anche alla musica antica, curando la ricerca, la trascrizione e la riproposta di numerose opere inedite, con speciale attenzione ai criteri esecutivi filologici. \u00c8 anche Direttore artistico della rassegna di musica barocca \u201cIncontri Musicali Farnesiani\u201d, che si svolge a Parma dal 1997, e di cui \u00e8 fondatore. Per questa rassegna ha proposto, in prima esecuzione, numerosi inediti, di cui ha curato la trascrizione, in particolare legati alla tradizione musicale delle diverse corti che hanno retto il ducato di Parma: dai Farnese, ai Borbone, fino a Maria Luigia d\u2019Austria. Ha svolto intensa attivit\u00e0 saggistica in campo musicologico, e, in collaborazione con Romano Gandolfi, ha pubblicato un saggio sulla direzione corale (\u201cMagia del coro\u201d). In via di pubblicazione \u201cStudi antichi e declamazione moderna\u201d (ampio trattato sulla prassi esecutiva originale del melodramma verdiano, di cui si sta occupando da alcuni anni) ed un testo di \u201cAcustica musicale\u201d. Attualmente sta lavorando a \u201c1813-1901, il secolo di Verdi\u201d (panoramica sugli eventi storici e culturali contemporanei al percorso personale e compositivo del Maestro), ed a \u201cLinguaggio o fenomeno? - colloquio tra musica ed epistemologia\u201d. Parallelamente ha intrapreso intensa attivit\u00e0 di pianista accompagnatore e di docente di \u201cInterpretazione dello spartito lirico\u201d, collaborando con il Centro di Perfezionamento per artisti lirici del Teatro alla Scala, con l\u2019Accademia Lirica e Corale \u201cCitt\u00e0 di Osimo\u201d, con la Showa University di Tokyo (dove ha anche tenuto lezioni di direzione d\u2019orchestra e di esercitazioni orchestrali). \u00c8 stato anche docente dei Corsi di formazione della Fondazione Toscanini ed ha insegnato, nei conservatori di Parma e Mantova e negli Istituti di Alta Formazione \u201cAchille Peri\u201d di Reggio Emilia ed \u201cOrazio Vecchi\u201d di Modena, materie quali: Esercitazioni orchestrali; Esercitazioni corali; Coro di voci bianche; Lettura della partitura; Teoria e solfeggio; Pratica di lettura vocale e pianistica; Acustica e psicoacustica; Approfondimenti di Teoria musicale; Semiografia della musica; Direzione di Coro. Dal giugno 2012 \u00e8 Consulente artistico del Teatro Lirico di Cagliari.<\/p>\n<p>Fidelio viene replicato: sabato 1 dicembre alle 19 (turno G), domenica 2 dicembre alle 17 (turno D), mercoled\u00ec 5 dicembre alle 20.30 (turno B), gioved\u00ec 6 dicembre alle 20.30 (turno F), venerd\u00ec 7 dicembre alle 20.30 (turno C).<\/p>\n<p>La Stagione lirica e di balletto 2012 si avvale della collaborazione di: Fondazione Banco di Sardegna, Capitta &amp; Partners.<\/p>\n","protected":false},"excerpt":{"rendered":"<p>Domani, marted\u00ec 27 novembre, alle 17, nel foyer di platea del Teatro Lirico di Cagliari, il consulente artistico Marco Faelli presenta l\u2019opera Fidelio di Ludwig&#8230;<\/p>\n","protected":false},"author":2,"featured_media":0,"comment_status":"closed","ping_status":"closed","sticky":false,"template":"","format":"standard","meta":[],"categories":[49],"tags":[],"_links":{"self":[{"href":"https:\/\/www.cronacaonline.it\/index.php\/wp-json\/wp\/v2\/posts\/91743"}],"collection":[{"href":"https:\/\/www.cronacaonline.it\/index.php\/wp-json\/wp\/v2\/posts"}],"about":[{"href":"https:\/\/www.cronacaonline.it\/index.php\/wp-json\/wp\/v2\/types\/post"}],"author":[{"embeddable":true,"href":"https:\/\/www.cronacaonline.it\/index.php\/wp-json\/wp\/v2\/users\/2"}],"replies":[{"embeddable":true,"href":"https:\/\/www.cronacaonline.it\/index.php\/wp-json\/wp\/v2\/comments?post=91743"}],"version-history":[{"count":0,"href":"https:\/\/www.cronacaonline.it\/index.php\/wp-json\/wp\/v2\/posts\/91743\/revisions"}],"wp:attachment":[{"href":"https:\/\/www.cronacaonline.it\/index.php\/wp-json\/wp\/v2\/media?parent=91743"}],"wp:term":[{"taxonomy":"category","embeddable":true,"href":"https:\/\/www.cronacaonline.it\/index.php\/wp-json\/wp\/v2\/categories?post=91743"},{"taxonomy":"post_tag","embeddable":true,"href":"https:\/\/www.cronacaonline.it\/index.php\/wp-json\/wp\/v2\/tags?post=91743"}],"curies":[{"name":"wp","href":"https:\/\/api.w.org\/{rel}","templated":true}]}}