{"id":91733,"date":"2012-11-19T15:14:04","date_gmt":"2012-11-19T14:14:04","guid":{"rendered":"http:\/\/www.cronacaonline.it\/public\/content\/index.php\/19\/11\/2012\/nabucco-di-giuseppe-verdi-dal-teatro-lirico-di-cagliari-a-prima-della-prima-su-rai-tre"},"modified":"2012-11-19T15:14:04","modified_gmt":"2012-11-19T14:14:04","slug":"nabucco-di-giuseppe-verdi-dal-teatro-lirico-di-cagliari-a-prima-della-prima-su-rai-tre","status":"publish","type":"post","link":"https:\/\/www.cronacaonline.it\/index.php\/2012\/11\/19\/nabucco-di-giuseppe-verdi-dal-teatro-lirico-di-cagliari-a-prima-della-prima-su-rai-tre\/","title":{"rendered":"Nabucco di Giuseppe Verdi dal Teatro Lirico di Cagliari a \u201cPrima della Prima\u201d su Rai Tre"},"content":{"rendered":"<p>Marted\u00ec 20 novembre 2012 alla 01.35 su Rai Tre, la trasmissione \u201cPrima della Prima\u201d \u00e8 interamente dedicata al recente nuovo allestimento, al Teatro Lirico di Cagliari, di Nabucco di Giuseppe Verdi.<\/p>\n<p>La celebre trasmissione, della durata di trenta minuti, a cura di Rosaria Bronzetti \u00e8, come noto, incentrata sui \u201cdietro le quinte\u201d degli allestimenti lirici. Il servizio al Teatro Lirico di Cagliari, per la regia televisiva di Roberto Giannarelli, \u00e8 stato realizzato attraverso il montaggio di immagini tratte dalle prove d\u2019orchestra, da quelle di regia e da interviste al regista Leo Muscato, al direttore d\u2019orchestra Donato Renzetti, alla costumista Silvia Aymonino, al baritono Paolo Coni che interpreta il ruolo di Nabucco ed al soprano Dimitra Theodossiou che interpreta, invece, quello di Abigaille.<\/p>\n<p>Racconta Donato Renzetti alle telecamere di \u201cPrima della Prima\u201d: \u00abNabucco \u00e8 un opera indubbiamente difficile da realizzare, come d\u2019altronde tutto Verdi. Soprattutto nella parte vocale, perch\u00e9 avere un cast verdiano importante, un soprano, un tenore, un basso, un mezzosoprano \u00e8 sempre stato complicato fin da allora. [\u2026] Il protagonista \u00e8 soprattutto il coro, cui spettano grandissimi concertati. Il coro \u00e8 proprio un personaggio e quindi deve anche saper esprimere la propria capacit\u00e0 attoriale. Il Nabucco fu la prima opera in cui il coro non poteva essere statico e fermo, ma doveva partecipare all\u2019azione scenica.\u00bb<\/p>\n","protected":false},"excerpt":{"rendered":"<p>Marted\u00ec 20 novembre 2012 alla 01.35 su Rai Tre, la trasmissione \u201cPrima della Prima\u201d \u00e8 interamente dedicata al recente nuovo allestimento, al Teatro Lirico di&#8230;<\/p>\n","protected":false},"author":2,"featured_media":0,"comment_status":"closed","ping_status":"closed","sticky":false,"template":"","format":"standard","meta":[],"categories":[49],"tags":[],"_links":{"self":[{"href":"https:\/\/www.cronacaonline.it\/index.php\/wp-json\/wp\/v2\/posts\/91733"}],"collection":[{"href":"https:\/\/www.cronacaonline.it\/index.php\/wp-json\/wp\/v2\/posts"}],"about":[{"href":"https:\/\/www.cronacaonline.it\/index.php\/wp-json\/wp\/v2\/types\/post"}],"author":[{"embeddable":true,"href":"https:\/\/www.cronacaonline.it\/index.php\/wp-json\/wp\/v2\/users\/2"}],"replies":[{"embeddable":true,"href":"https:\/\/www.cronacaonline.it\/index.php\/wp-json\/wp\/v2\/comments?post=91733"}],"version-history":[{"count":0,"href":"https:\/\/www.cronacaonline.it\/index.php\/wp-json\/wp\/v2\/posts\/91733\/revisions"}],"wp:attachment":[{"href":"https:\/\/www.cronacaonline.it\/index.php\/wp-json\/wp\/v2\/media?parent=91733"}],"wp:term":[{"taxonomy":"category","embeddable":true,"href":"https:\/\/www.cronacaonline.it\/index.php\/wp-json\/wp\/v2\/categories?post=91733"},{"taxonomy":"post_tag","embeddable":true,"href":"https:\/\/www.cronacaonline.it\/index.php\/wp-json\/wp\/v2\/tags?post=91733"}],"curies":[{"name":"wp","href":"https:\/\/api.w.org\/{rel}","templated":true}]}}