{"id":91702,"date":"2012-11-24T15:14:04","date_gmt":"2012-11-24T14:14:04","guid":{"rendered":"http:\/\/www.cronacaonline.it\/public\/content\/index.php\/24\/11\/2012\/f1--gp-del-brasile"},"modified":"2012-11-24T15:14:04","modified_gmt":"2012-11-24T14:14:04","slug":"f1-gp-del-brasile-2","status":"publish","type":"post","link":"https:\/\/www.cronacaonline.it\/index.php\/2012\/11\/24\/f1-gp-del-brasile-2\/","title":{"rendered":"F1 \u2013 GP del Brasile"},"content":{"rendered":"<p>La prima fila a Interlagos sar\u00e0 tutta McLaren: l'inglese in 1'12\"458 precede il connazionale e compagno di scuderia Button. In seconda fila le Red Bull, con Webber che precede il campione del mondo Sebastian Vettel. Quinto tempo per Massa con una delle due Ferrari, poi Maldonado sulla Williams e Hulkenberg sulla Force India, anche loro davanti ad Alonso, soltanto ottavo. Alle spalle del pilota spagnolo la Lotus del finlandese Raikkonen e il tedesco Nico Rosberg su Mercedes. Alonso per\u00f2, come domenica scorsa a Austin, guadagna una posizione e partir\u00e0 quindi settimo, dal lato pulito della pista: Maldonado \u00e8 stato infatti penalizzato di dieci posizioni: non si \u00e8 fermato alla pesatura al richiamo del commissario della Fia ed \u00e8 stato punito perch\u00e9 recidivo per altre due ammonizioni. Oltre Ad Alonso guadagna una posizione anche Hulkenberg, che partir\u00e0 sesto al fianco di Massa, mentre Maldonado scivola in sedicesima posizione. In classifica piloti, alla vigilia dell'ultima gara, Vettel precede lo spagnolo della Ferrari di 13 punti.<\/p>\n<p>\"E' una posizione difficile per la gara di domani qualsiasi condizioni ci sia. Ma abbiamo gi\u00e0 vissuto quest'anno questa situazione e quindi bisogner\u00e0 fare una gara impeccabile e basta\". Questo il secco commento di Stefano Domenicali alle qualifiche dei due ferraristi. <\/p>\n<p>\"E' stato cos\u00ec tutto l'anno, non credo sia una sorpresa. L'obiettivo \u00e8 il podio\". Fernando Alonso archivia cos\u00ec l'ottavo tempo ottenuto nelle qualifiche. L'iberico potrebbe essere avvantaggiato in caso di gara bagnata ma nega di aver utilizzato un assetto pi\u00f9 adatto ad un Gp condizionato dalla pioggia. \"Non esistono pi\u00f9 assetti da asciutto o da bagnato, varia il carico aerodinamico ma non credo che qualcuno abbia scelto strategie strane. Ad Abu Dhabi e negli Usa siamo partiti dalla settima e dall'ottava posizione, sono arrivato secondo e terzo\", dice. \"E' un miracolo essere ancora in corsa per il Mondiale visto il rendimento che abbiamo nelle prove del sabato\", ribadisce evidenziando, per l'ennesima volta, il tallone d'Achille del Cavallino. \"Sappiamo che, sull'asfalto asciutto, sar\u00e0 quasi impossibile arrivare sul podio. Pi\u00f9 caos c'\u00e8, meglio \u00e8\".<\/p>\n<p>\"Spero di poter attaccare subito, ma la corsa sar\u00e0 lunga e non sappiamo come sar\u00e0 il meteo. Cercher\u00f2 di vincere: se non sar\u00e0 possibile, cercher\u00f2 di arrivare secondo. E' inutile pensare troppo alle strategie\". Sebastian Vettel non sembra intenzionato ad adottare tattiche particolari a Interlagos. Il Mondiale? Non ci penso. Avrei potuto far meglio oggi, esamineremo i dati per capire cosa non ha funzionato. La terza manche non \u00e8 stata perfetta: nel primo giro ho commesso un errore alla curva 4, nel secondo sono andato meglio ma non sono stato abbastanza veloce\". Hamilton sorride per la pole: \"Finora \u00e8 stato un grande weekend e spero che finisca bene. Sono grato alla squadra per questo risultato: essere davanti a tutti e poi con Jenson (Button, ndr) al mio fianco \u00e8 ottimo risultato per tutta la squadra e speriamo che vada cos\u00ec anche domani\".<\/p>\n<p>Vettel \u00e8 a un passo dal terzo titolo iridato consecutivo. Al 25enne di Heppenheim, che deve gestire 13 punti di vantaggio su Alonso, basta concludere la gara di Interlagos al quarto posto, a prescindere dal risultato del ferrarista. L'ultimo appuntamento del Mondiale, intanto, regala a Hamilton la settima pole stagionale e la 26a della carriera. Si profila un epilogo anonimo, invece, per Michael Schumacher. Il tedesco, all'ultima gara della carriera, si schiera in griglia con il 14\u00b0 tempo ottenuto con la Mercedes.<\/p>\n<p>La griglia di partenza del Gp del Brasile:<\/p>\n<p>Prima fila: 1. Lewis Hamilton (Ing) McLaren Mercedes 1'12\"458;<br \/>2. Jenson Button (Ing) McLaren Mercedes 1'12\"513; <\/p>\n<p>Seconda fila:3. Mark Webber (Aus) Red Bull&nbsp; '12\"581; 4. Sebastian Vettel (Ger) Red Bull 1'12\"760; <\/p>\n<p>Terza fila; 5. Felipe Massa (Bra) Ferrari 1'12\"987; 6. Pastor Maldonado (Ven) Williams 1'13\"174;<\/p>\n<p>Quarta fila: 7. Nico Hulkenberg (Ger) Force India 1'13\"206; 8. Fernando Alonso (Spa) Ferrari 1'13\"253;<\/p>\n<p>Quinta fila: 9. Kimi Raikkonen (Fin) Lotus 1'13\"298; 10. Nico Rosberg (Ger) Mercedes 1'13\"489;<\/p>\n<p>Sesta fila: 11. Paul Di Resta (Sco) Force India 1'14\"121; 12. Bruno Senna (Bra) Williams 1'14\"219;<\/p>\n<p>Settima fila: 13. Sergio Perez (Mex) Sauber 1'14\"234; 14. Michael Schumacher (Ger) Mercedes 1'14\"334;<\/p>\n<p>Ottava fila: 15. Kamui Kobayashi (Jap) Sauber 1'14\"380; 16. Daniel Ricciardo (Aus) Toro Rosso 1'14\"574;<\/p>\n<p>Nona fila: 17. Jean-Eric Vergne (Fra) Toro Rosso 1'14\"619; 18. Romain Grosjean (Fra) Lotus 1'16\"967;<\/p>\n<p>Decima fila: 19. Vitaly Petrov (Rus) Caterham 1'17\"073; 20. Heikki Kovalainen (Fin) Caterham 1'17\"086;<\/p>\n<p>Undicesima fila: 21. Timo Glock (Ger) Marussia 1'17\"508; 22. Charles Pic (Fra) Marussia 1'18\"104;<\/p>\n<p>Dodicesima fila: 23. Narain Karthikeyan (Ind) HRT 1'19\"576; 24. Pedro de la Rosa (Spa) HRT 1'19\"699.<\/p>\n","protected":false},"excerpt":{"rendered":"<p>La prima fila a Interlagos sar\u00e0 tutta McLaren: l&#8217;inglese in 1&#8217;12&#8243;458 precede il connazionale e compagno di scuderia Button. In seconda fila le Red Bull,&#8230;<\/p>\n","protected":false},"author":2,"featured_media":0,"comment_status":"closed","ping_status":"closed","sticky":false,"template":"","format":"standard","meta":[],"categories":[49],"tags":[],"_links":{"self":[{"href":"https:\/\/www.cronacaonline.it\/index.php\/wp-json\/wp\/v2\/posts\/91702"}],"collection":[{"href":"https:\/\/www.cronacaonline.it\/index.php\/wp-json\/wp\/v2\/posts"}],"about":[{"href":"https:\/\/www.cronacaonline.it\/index.php\/wp-json\/wp\/v2\/types\/post"}],"author":[{"embeddable":true,"href":"https:\/\/www.cronacaonline.it\/index.php\/wp-json\/wp\/v2\/users\/2"}],"replies":[{"embeddable":true,"href":"https:\/\/www.cronacaonline.it\/index.php\/wp-json\/wp\/v2\/comments?post=91702"}],"version-history":[{"count":0,"href":"https:\/\/www.cronacaonline.it\/index.php\/wp-json\/wp\/v2\/posts\/91702\/revisions"}],"wp:attachment":[{"href":"https:\/\/www.cronacaonline.it\/index.php\/wp-json\/wp\/v2\/media?parent=91702"}],"wp:term":[{"taxonomy":"category","embeddable":true,"href":"https:\/\/www.cronacaonline.it\/index.php\/wp-json\/wp\/v2\/categories?post=91702"},{"taxonomy":"post_tag","embeddable":true,"href":"https:\/\/www.cronacaonline.it\/index.php\/wp-json\/wp\/v2\/tags?post=91702"}],"curies":[{"name":"wp","href":"https:\/\/api.w.org\/{rel}","templated":true}]}}