{"id":91696,"date":"2012-11-09T15:14:04","date_gmt":"2012-11-09T14:14:04","guid":{"rendered":"http:\/\/www.cronacaonline.it\/public\/content\/index.php\/09\/11\/2012\/malattie-dei-reni-nuove-terapie-per-130-mila-sardi"},"modified":"2012-11-09T15:14:04","modified_gmt":"2012-11-09T14:14:04","slug":"malattie-dei-reni-nuove-terapie-per-130-mila-sardi","status":"publish","type":"post","link":"https:\/\/www.cronacaonline.it\/index.php\/2012\/11\/09\/malattie-dei-reni-nuove-terapie-per-130-mila-sardi\/","title":{"rendered":"Malattie dei reni: nuove terapie per 130 mila sardi"},"content":{"rendered":"<p>Luned\u00ec, 12 novembre, alle 11.30, al Convento di san Giuseppe \u2013 via Paracelso, Cagliari \u2013 si tiene il Forum nazionale di nefrologia. L\u2019evento prevede la presentazione in anteprima nazionale del documento redatto dagli specialisti e inerente un nuovo approccio terapeutico. Ovvero, il percorso e le linee guida per la cura dei nefropatici in Italia.<\/p>\n<p>Le malattie renali interessano circa cinque milioni di italiani, in Sardegna i pazienti sono 130 mila. La cura dell\u2019anemia renale ha le attenzioni particolari degli esperti.<\/p>\n<p>Al Forum viene presentato in anteprima il documento degli specialisti relativo ad nuovo approccio terapeutico, che indicher\u00e0 in pratica come verranno curati da oggi i malati in tutta Italia. I nefrologi hanno verificato che questa malattia non si deve curare completamente altrimenti gli effetti collaterali superano i benefici. La correzione dell'anemia sar\u00e0 invece parziale e combinata, ovvero, basata su farmaci (la dose pi\u00f9 bassa possibile) e ferro. Questa nuova terapia \u00e8 efficace e riduce il rischio di ictus e tumori. Inoltre,&nbsp; \u00e8 importante, sempre per curare l'anemia, evitare o ritardare le trasfusioni, che comportano rischi di infezione e di immunizzazione.<\/p>\n<p>Il Forum nazionale di nefrologia mette assieme specialisti provenienti da tutte le regioni italiane, per un confronto sui progressi scientifici relativi a diagnosi e trattamento delle malattie renali. La tre giorni cagliaritana dedicata ai reni, prevede dibattito e approfondimento su, tra l\u2019altro, qualit\u00e0 della vita e cura per i pazienti affetti da malattia renale cronica, nuove opzioni terapeutiche a disposizione dei nefrologi per il trattamento di alcune tra le pi\u00f9 diffuse patologie renali e delle loro complicanze, come ad esempio l\u2019anemia renale.<\/p>\n<p>Al Forum partecipano alcuni tra i pi\u00f9 autorevoli nefrologi. Tra questi, i professori Giovambattista Capasso (presidente Sin, Societ\u00e0 italiana nefrologia, presidente del Forum e Ordinario e direttore della Scuola di specializzazione in Nefrologia, II Universit\u00e0, Napoli), Francesco Locatelli (direttore dipartimento Nefrologia, dialisi e trapianto renale - ospedale \u201cAlessandro Manzoni\u201d, Lecco), Antonello Pani (direttore Nefrologia Azienda \u201cBrotzu e consigliere nazionale Sin), Giovanni Cancarini (ordinario Universit\u00e0 di Brescia e direttore Nefrologia ospedale civile, Brescia), Mariano Feriani (direttore Nefrologia ospedale \u201cdell'Angelo\u201d, Mestre) e Massimo Morosetti (direttore Nefrologia e dialisi, Policlinico \u201cLuigi Di Liegro\u201d, Roma). Com<\/p>\n","protected":false},"excerpt":{"rendered":"<p>Luned\u00ec, 12 novembre, alle 11.30, al Convento di san Giuseppe \u2013 via Paracelso, Cagliari \u2013 si tiene il Forum nazionale di nefrologia. L\u2019evento prevede la&#8230;<\/p>\n","protected":false},"author":2,"featured_media":0,"comment_status":"closed","ping_status":"closed","sticky":false,"template":"","format":"standard","meta":[],"categories":[49],"tags":[],"_links":{"self":[{"href":"https:\/\/www.cronacaonline.it\/index.php\/wp-json\/wp\/v2\/posts\/91696"}],"collection":[{"href":"https:\/\/www.cronacaonline.it\/index.php\/wp-json\/wp\/v2\/posts"}],"about":[{"href":"https:\/\/www.cronacaonline.it\/index.php\/wp-json\/wp\/v2\/types\/post"}],"author":[{"embeddable":true,"href":"https:\/\/www.cronacaonline.it\/index.php\/wp-json\/wp\/v2\/users\/2"}],"replies":[{"embeddable":true,"href":"https:\/\/www.cronacaonline.it\/index.php\/wp-json\/wp\/v2\/comments?post=91696"}],"version-history":[{"count":0,"href":"https:\/\/www.cronacaonline.it\/index.php\/wp-json\/wp\/v2\/posts\/91696\/revisions"}],"wp:attachment":[{"href":"https:\/\/www.cronacaonline.it\/index.php\/wp-json\/wp\/v2\/media?parent=91696"}],"wp:term":[{"taxonomy":"category","embeddable":true,"href":"https:\/\/www.cronacaonline.it\/index.php\/wp-json\/wp\/v2\/categories?post=91696"},{"taxonomy":"post_tag","embeddable":true,"href":"https:\/\/www.cronacaonline.it\/index.php\/wp-json\/wp\/v2\/tags?post=91696"}],"curies":[{"name":"wp","href":"https:\/\/api.w.org\/{rel}","templated":true}]}}