{"id":91694,"date":"2012-11-21T15:14:04","date_gmt":"2012-11-21T14:14:04","guid":{"rendered":"http:\/\/www.cronacaonline.it\/public\/content\/index.php\/21\/11\/2012\/arrestati-tre-disoccupati-del-cagliaritano-per-tentato-furto-aggravato"},"modified":"2012-11-21T15:14:04","modified_gmt":"2012-11-21T14:14:04","slug":"arrestati-tre-disoccupati-del-cagliaritano-per-tentato-furto-aggravato","status":"publish","type":"post","link":"https:\/\/www.cronacaonline.it\/index.php\/2012\/11\/21\/arrestati-tre-disoccupati-del-cagliaritano-per-tentato-furto-aggravato\/","title":{"rendered":"Arrestati tre disoccupati del cagliaritano per tentato furto aggravato."},"content":{"rendered":"<p>Ieri 20 novembre 2012, alle ore 13.00 circa, i carabinieri della Stazione di Ca-Villanova insieme a i colleghi della motovedetta cc 821 \u201cCortellessa\u201d di Cagliari, hanno arrestato tratto in arresto, per tentato furto Efisio, Manca, di 49 anni, di Capoterra, disoccupato, pregiudicato, Pierluigi Sanna, di 38, di Capoterra, disoccupato e Carlo Caboni, di 35 anni, di Sarroch, in provincia di Cagliari,&nbsp; disoccupato, pregiudicato.<\/p>\n<p>I tre, poco prima, all\u2019interno della dismessa centrale elettrica sita in localit\u00e0 \u201cSanta Gilla\u201d, vicino al centro commerciale, sono stati sorpresi mentre tentavano di asportare circa 300 kg di rame precedentemente divelto dagli impianti interni per un valore di circa 1.000 euro. Quindi sono stati bloccati e dichiarati in arresto.<\/p>\n<p>In seguito sono stati portati nella caserma di Via Nuoro, dove, dopo le formalit\u00e0 di legge sono stati trattenuti nelle camere di sicurezza della Stazione Ca-Villanova in attesa del rito direttissimo fissato per oggi.<\/p>\n<p>I tre arresti questa mattina sono stati portati davanti al giudice unico presso il Tribunale di Cagliari che dopo aver convalidato l\u2019arresto per Caboni e Manca ha disposto gli arresti domiciliari mentre Sanna rimarr\u00e0 in stato di libert\u00e0 tenuto conto che \u00e8 incensurato.<\/p>\n<p>Il dibattimento \u00e8 stato rinviato a luned\u00ec 26 novembre.<\/p>\n","protected":false},"excerpt":{"rendered":"<p>Ieri 20 novembre 2012, alle ore 13.00 circa, i carabinieri della Stazione di Ca-Villanova insieme a i colleghi della motovedetta cc 821 \u201cCortellessa\u201d di Cagliari,&#8230;<\/p>\n","protected":false},"author":2,"featured_media":0,"comment_status":"closed","ping_status":"closed","sticky":false,"template":"","format":"standard","meta":[],"categories":[49],"tags":[],"_links":{"self":[{"href":"https:\/\/www.cronacaonline.it\/index.php\/wp-json\/wp\/v2\/posts\/91694"}],"collection":[{"href":"https:\/\/www.cronacaonline.it\/index.php\/wp-json\/wp\/v2\/posts"}],"about":[{"href":"https:\/\/www.cronacaonline.it\/index.php\/wp-json\/wp\/v2\/types\/post"}],"author":[{"embeddable":true,"href":"https:\/\/www.cronacaonline.it\/index.php\/wp-json\/wp\/v2\/users\/2"}],"replies":[{"embeddable":true,"href":"https:\/\/www.cronacaonline.it\/index.php\/wp-json\/wp\/v2\/comments?post=91694"}],"version-history":[{"count":0,"href":"https:\/\/www.cronacaonline.it\/index.php\/wp-json\/wp\/v2\/posts\/91694\/revisions"}],"wp:attachment":[{"href":"https:\/\/www.cronacaonline.it\/index.php\/wp-json\/wp\/v2\/media?parent=91694"}],"wp:term":[{"taxonomy":"category","embeddable":true,"href":"https:\/\/www.cronacaonline.it\/index.php\/wp-json\/wp\/v2\/categories?post=91694"},{"taxonomy":"post_tag","embeddable":true,"href":"https:\/\/www.cronacaonline.it\/index.php\/wp-json\/wp\/v2\/tags?post=91694"}],"curies":[{"name":"wp","href":"https:\/\/api.w.org\/{rel}","templated":true}]}}