{"id":91671,"date":"2012-11-29T15:14:04","date_gmt":"2012-11-29T14:14:04","guid":{"rendered":"http:\/\/www.cronacaonline.it\/public\/content\/index.php\/29\/11\/2012\/fois-ai-parlamentari-sardi-attenzione-sul-patto-di-stabilita-per-la-sardegna-la-responsabilita-e-tutta-vostra"},"modified":"2012-11-29T15:14:04","modified_gmt":"2012-11-29T14:14:04","slug":"fois-ai-parlamentari-sardi-attenzione-sul-patto-di-stabilita-per-la-sardegna-la-responsabilita-e-tutta-vostra","status":"publish","type":"post","link":"https:\/\/www.cronacaonline.it\/index.php\/2012\/11\/29\/fois-ai-parlamentari-sardi-attenzione-sul-patto-di-stabilita-per-la-sardegna-la-responsabilita-e-tutta-vostra\/","title":{"rendered":"Fois ai parlamentari sardi: attenzione, sul patto di stabilit\u00e0 per la Sardegna la responsabilit\u00e0 \u00e8 tutta vostra"},"content":{"rendered":"<p>Dichiarazione dell\u2019on. Pietrino Fois, presidente&nbsp; della commissione Bilancio del Consiglio regionale,&nbsp; sulla legge di stabilit\u00e0 all\u2019esame al Senato ultima possibilit\u00e0 per la Sardegna.<\/p>\n<p>Il disegno di legge di stabilit\u00e0 all\u2019esame al Senato rappresenta l\u2019ultima concreta possibilit\u00e0 per la Sardegna di vedere adeguata la propria capacit\u00e0 di spesa alle maggiori entrate previste dal nuovo regime finanziario entrato in vigore dal 2010. In mancanza, ogni ulteriore decisione sarebbe inevitabilmente rinviata alla discussione estiva della legge di assestamento del bilancio dello Stato, con tutte le prevedibili e drammatiche ricadute negative sul debolissimo tessuto economico e sociale dell\u2019Isola. <br \/>La Ragioneria generale dello Stato, infatti, ha pi\u00f9 volte rilevato l\u2019impossibilit\u00e0, a livello tecnico, di innalzare i tetti di spesa in assenza di un intervento legislativo che individui a favore della Regione misure compensative in termini di fabbisogno e indebitamento netto.<\/p>\n<p>Mi appello, pertanto, a tutti i parlamentari sardi affinch\u00e9 si facciano portatori della drammatica situazione sarda, adoperandosi per l\u2019inserimento e l\u2019approvazione nella legge di stabilit\u00e0 di specifiche e improcrastinabili misure a favore della Sardegna. Com<\/p>\n","protected":false},"excerpt":{"rendered":"<p>Dichiarazione dell\u2019on. Pietrino Fois, presidente&nbsp; della commissione Bilancio del Consiglio regionale,&nbsp; sulla legge di stabilit\u00e0 all\u2019esame al Senato ultima possibilit\u00e0 per la Sardegna. Il disegno&#8230;<\/p>\n","protected":false},"author":2,"featured_media":0,"comment_status":"closed","ping_status":"closed","sticky":false,"template":"","format":"standard","meta":[],"categories":[49],"tags":[],"_links":{"self":[{"href":"https:\/\/www.cronacaonline.it\/index.php\/wp-json\/wp\/v2\/posts\/91671"}],"collection":[{"href":"https:\/\/www.cronacaonline.it\/index.php\/wp-json\/wp\/v2\/posts"}],"about":[{"href":"https:\/\/www.cronacaonline.it\/index.php\/wp-json\/wp\/v2\/types\/post"}],"author":[{"embeddable":true,"href":"https:\/\/www.cronacaonline.it\/index.php\/wp-json\/wp\/v2\/users\/2"}],"replies":[{"embeddable":true,"href":"https:\/\/www.cronacaonline.it\/index.php\/wp-json\/wp\/v2\/comments?post=91671"}],"version-history":[{"count":0,"href":"https:\/\/www.cronacaonline.it\/index.php\/wp-json\/wp\/v2\/posts\/91671\/revisions"}],"wp:attachment":[{"href":"https:\/\/www.cronacaonline.it\/index.php\/wp-json\/wp\/v2\/media?parent=91671"}],"wp:term":[{"taxonomy":"category","embeddable":true,"href":"https:\/\/www.cronacaonline.it\/index.php\/wp-json\/wp\/v2\/categories?post=91671"},{"taxonomy":"post_tag","embeddable":true,"href":"https:\/\/www.cronacaonline.it\/index.php\/wp-json\/wp\/v2\/tags?post=91671"}],"curies":[{"name":"wp","href":"https:\/\/api.w.org\/{rel}","templated":true}]}}