{"id":91663,"date":"2012-11-22T15:14:04","date_gmt":"2012-11-22T14:14:04","guid":{"rendered":"http:\/\/www.cronacaonline.it\/public\/content\/index.php\/22\/11\/2012\/educazione-allo-sviluppo-dalla-regione-100-mila-euro-per-proposte-da-scuole-sarde"},"modified":"2012-11-22T15:14:04","modified_gmt":"2012-11-22T14:14:04","slug":"educazione-allo-sviluppo-dalla-regione-100-mila-euro-per-proposte-da-scuole-sarde","status":"publish","type":"post","link":"https:\/\/www.cronacaonline.it\/index.php\/2012\/11\/22\/educazione-allo-sviluppo-dalla-regione-100-mila-euro-per-proposte-da-scuole-sarde\/","title":{"rendered":"Educazione allo sviluppo: dalla Regione 100 mila euro per proposte da scuole sarde"},"content":{"rendered":"<p>Con un bando pubblicato questa mattina e consultabile all\u2019interno del portale <a href=\"http:\/\/www.regione.sardegna.it\">www.regione.sardegna.it<\/a> , l\u2019Amministrazione regionale destina 100 mila euro al finanziamento di proposte progettuali in materia di Educazione allo sviluppo e della cittadinanza mondiale da realizzarsi nelle scuole primarie (scuole elementari) e secondarie di primo grado (scuole medie inferiori).<\/p>\n<p>L\u2019obiettivo \u2013 spiegano dal servizio affari internazionale della presidenza della Regione - \u00e8 quello di sviluppare una consapevolezza e comprensione critica del carattere di interdipendenza del mondo e delle nostre responsabilit\u00e0 in relazione ad una societ\u00e0 globalizzata e sostenere un impegno attivo nelle azioni locali e globali finalizzate alla lotta alla povert\u00e0, alla promozione della giustizia, dei diritti umani e di stili di vita sostenibili.<\/p>\n<p>L\u2019Avviso \u00e8 rivolto alle associazioni di volontariato e alle organizzazioni non governative operanti in Sardegna, le quali dovranno presentare le proprie richieste di contributo entro il prossimo 14 dicembre.<br \/>Il progetto \u00e8 da considerarsi particolarmente innovativo perch\u00e9 la sua realizzazione e gestione si dovr\u00e0 basare su una stretta concertazione e collaborazione tra il soggetto finanziatore (la Regione Sardegna), il soggetto capofila e le autorit\u00e0 scolastiche. <\/p>\n","protected":false},"excerpt":{"rendered":"<p>Con un bando pubblicato questa mattina e consultabile all\u2019interno del portale www.regione.sardegna.it , l\u2019Amministrazione regionale destina 100 mila euro al finanziamento di proposte progettuali in&#8230;<\/p>\n","protected":false},"author":2,"featured_media":0,"comment_status":"closed","ping_status":"closed","sticky":false,"template":"","format":"standard","meta":[],"categories":[49],"tags":[],"_links":{"self":[{"href":"https:\/\/www.cronacaonline.it\/index.php\/wp-json\/wp\/v2\/posts\/91663"}],"collection":[{"href":"https:\/\/www.cronacaonline.it\/index.php\/wp-json\/wp\/v2\/posts"}],"about":[{"href":"https:\/\/www.cronacaonline.it\/index.php\/wp-json\/wp\/v2\/types\/post"}],"author":[{"embeddable":true,"href":"https:\/\/www.cronacaonline.it\/index.php\/wp-json\/wp\/v2\/users\/2"}],"replies":[{"embeddable":true,"href":"https:\/\/www.cronacaonline.it\/index.php\/wp-json\/wp\/v2\/comments?post=91663"}],"version-history":[{"count":0,"href":"https:\/\/www.cronacaonline.it\/index.php\/wp-json\/wp\/v2\/posts\/91663\/revisions"}],"wp:attachment":[{"href":"https:\/\/www.cronacaonline.it\/index.php\/wp-json\/wp\/v2\/media?parent=91663"}],"wp:term":[{"taxonomy":"category","embeddable":true,"href":"https:\/\/www.cronacaonline.it\/index.php\/wp-json\/wp\/v2\/categories?post=91663"},{"taxonomy":"post_tag","embeddable":true,"href":"https:\/\/www.cronacaonline.it\/index.php\/wp-json\/wp\/v2\/tags?post=91663"}],"curies":[{"name":"wp","href":"https:\/\/api.w.org\/{rel}","templated":true}]}}