{"id":91662,"date":"2012-11-26T15:14:04","date_gmt":"2012-11-26T14:14:04","guid":{"rendered":"http:\/\/www.cronacaonline.it\/public\/content\/index.php\/26\/11\/2012\/risultati-giornata-nazionale-della-colletta-alimentare-2012-201-tonnellate-di-alimenti-donati-in-un-giorno-in-sardegna"},"modified":"2012-11-26T15:14:04","modified_gmt":"2012-11-26T14:14:04","slug":"risultati-giornata-nazionale-della-colletta-alimentare-2012-201-tonnellate-di-alimenti-donati-in-un-giorno-in-sardegna","status":"publish","type":"post","link":"https:\/\/www.cronacaonline.it\/index.php\/2012\/11\/26\/risultati-giornata-nazionale-della-colletta-alimentare-2012-201-tonnellate-di-alimenti-donati-in-un-giorno-in-sardegna\/","title":{"rendered":"Risultati Giornata Nazionale della Colletta Alimentare 2012, 201 tonnellate di alimenti donati in un giorno in Sardegna"},"content":{"rendered":"<p>La XVI edizione della Giornata Nazionale della Colletta Alimentare, svoltasi sabato 24 novembre, in pi\u00f9 di 180 supermercati, \u00e8 stata uno spettacolo di gratuit\u00e0 che ha cambiato coloro che vi hanno partecipato, come dimostrano i numerosissimi messaggi ricevuti.<\/p>\n<p>Grazie all\u2019aiuto di pi\u00f9 di 2.000 volontari sono state raccolte 201 tonnellate di prodotti alimentari, confermando sostanzialmente, nonostante la crisi, il dato dell\u2019edizione 2011 (con un leggero incremento di 0,8%). <\/p>\n<p>Nella provincia di Cagliari sono state raccolte 95,3 tonnellate (-1,8%), in quella di Sassari 79 tonnellate (+ 2,59%), in quella di Oristano 6,2 tonnellate (- 16%), mentre in quella di Nuoro si sono raccolte 20,5 tonnellate (+ 7,3%).<\/p>\n<p>Il Presidente dell\u2019 Associazione Banco Alimentare della Sardegna Onlus Giorgio Frasconi, ringraziando tutti i volontari e i donatori, afferma che, \u201cancora una volta, l\u2019opportunit\u00e0 di donare tocca le radici della persona e, contro il pessimismo, rilancia una piccola o grande responsabilit\u00e0 individuale\u201d.&nbsp; Com<\/p>\n","protected":false},"excerpt":{"rendered":"<p>La XVI edizione della Giornata Nazionale della Colletta Alimentare, svoltasi sabato 24 novembre, in pi\u00f9 di 180 supermercati, \u00e8 stata uno spettacolo di gratuit\u00e0 che&#8230;<\/p>\n","protected":false},"author":2,"featured_media":0,"comment_status":"closed","ping_status":"closed","sticky":false,"template":"","format":"standard","meta":[],"categories":[49],"tags":[],"_links":{"self":[{"href":"https:\/\/www.cronacaonline.it\/index.php\/wp-json\/wp\/v2\/posts\/91662"}],"collection":[{"href":"https:\/\/www.cronacaonline.it\/index.php\/wp-json\/wp\/v2\/posts"}],"about":[{"href":"https:\/\/www.cronacaonline.it\/index.php\/wp-json\/wp\/v2\/types\/post"}],"author":[{"embeddable":true,"href":"https:\/\/www.cronacaonline.it\/index.php\/wp-json\/wp\/v2\/users\/2"}],"replies":[{"embeddable":true,"href":"https:\/\/www.cronacaonline.it\/index.php\/wp-json\/wp\/v2\/comments?post=91662"}],"version-history":[{"count":0,"href":"https:\/\/www.cronacaonline.it\/index.php\/wp-json\/wp\/v2\/posts\/91662\/revisions"}],"wp:attachment":[{"href":"https:\/\/www.cronacaonline.it\/index.php\/wp-json\/wp\/v2\/media?parent=91662"}],"wp:term":[{"taxonomy":"category","embeddable":true,"href":"https:\/\/www.cronacaonline.it\/index.php\/wp-json\/wp\/v2\/categories?post=91662"},{"taxonomy":"post_tag","embeddable":true,"href":"https:\/\/www.cronacaonline.it\/index.php\/wp-json\/wp\/v2\/tags?post=91662"}],"curies":[{"name":"wp","href":"https:\/\/api.w.org\/{rel}","templated":true}]}}