{"id":91657,"date":"2012-11-19T15:14:04","date_gmt":"2012-11-19T14:14:04","guid":{"rendered":"http:\/\/www.cronacaonline.it\/public\/content\/index.php\/19\/11\/2012\/violenza-donne-sdr-lavoro-per-restituire-dignita-e-autonomia"},"modified":"2012-11-19T15:14:04","modified_gmt":"2012-11-19T14:14:04","slug":"violenza-donne-sdr-lavoro-per-restituire-dignita-e-autonomia","status":"publish","type":"post","link":"https:\/\/www.cronacaonline.it\/index.php\/2012\/11\/19\/violenza-donne-sdr-lavoro-per-restituire-dignita-e-autonomia\/","title":{"rendered":"Violenza donne: Sdr, lavoro per restituire dignit\u00e0 e autonomia"},"content":{"rendered":"<p>&nbsp;\u201cI dati sulla violenza nei confronti delle donne parlano chiaro sulla necessit\u00e0 di tenere alta l\u2019attenzione ma occorre anche pensare al reintegro sociale con il lavoro altrimenti sar\u00e0 impossibile&nbsp; per le donne recuperare dignit\u00e0 e autonomia. La certezza di usufruire di un aiuto concreto favorir\u00e0 invece l\u2019uscita dalla violenza domestica\u201d. Lo sostiene Maria Grazia Caligaris, presidente dell\u2019associazione \u201cSocialismo Diritti Riforme\u201d, coautrice della legge regionale per il sostegno ai centri antiviolenza e alle case di accoglienza per donne maltrattate con riferimento ai dati illustrati dall\u2019assessore regionale della Sanit\u00e0 Simona De Francisci.<\/p>\n<p>\u201cSe \u00e8 vero che le principali vittime sono donne casalinghe con bimbi in tenera et\u00e0 c\u2019\u00e8 da preoccuparsi \u2013 ha sottolineato \u2013 del loro ritorno alla normalit\u00e0 dopo il periodo di recupero psicologico e morale. Il lavoro \u00e8 la principale fonte di reintegro sociale e l\u2019unico strumento per ottenere l\u2019autonomia. Non bastano quindi pi\u00f9 le reti istituzionali per informare e favorire l\u2019emersione del fenomeno occorrono anche quelle che operino per garantire alle donne che escono dalla violenza e dallo stalking un alloggio e condizioni di vita dignitose per s\u00e9 e per i loro figli. In caso contrario chi ha subito violenza rester\u00e0 sempre discriminato\u201d.<\/p>\n<p>&nbsp;\u201cLe donne che si rivolgono alla nostra associazione che ha aderito al protocollo promosso dall\u2019amministrazione provinciale di Cagliari ci chiedono \u2013 evidenzia la presidente di SdR \u2013 informazioni soprattutto con riferimento alla possibilit\u00e0 di disporre di una casa e di lavorare, una volta superata la prima drammatica fase di allontanamento dal compagno o dal marito violento. E\u2019 una richiesta che chiama tutti a un\u2019assunzione di responsabilit\u00e0. I Centri e le Case hanno infatti compiti diversi. Si rende quindi necessario ora un ulteriore passo che concretamente intervenga a sostegno di persone che hanno manifestato coraggio e determinazione. La convenzione di Istanbul guarda in questa direzione\u201d.<\/p>\n<p>&nbsp;\u201cLa Regione deve istituire un fondo ad hoc a sostegno di un progetto condiviso con le associazioni degli imprenditori e i sindacati per individuare le modalit\u00e0 di accesso al lavoro per donne che hanno subito violenza sessuale, fisica e psicologica. Da sole e con bimbi piccoli non possono affrontare la difficolt\u00e0 di avere un\u2019occupazione n\u00e9 possono vivere di assistenza sociale. Senza una prospettiva seria di avere una vita propria sar\u00e0 difficile \u2013 ha concluso Caligaris \u2013 consolidare nel tempo le premesse derivanti da un cos\u00ec alto numero di richieste d\u2019aiuto\u201d. Com<\/p>\n","protected":false},"excerpt":{"rendered":"<p>&nbsp;\u201cI dati sulla violenza nei confronti delle donne parlano chiaro sulla necessit\u00e0 di tenere alta l\u2019attenzione ma occorre anche pensare al reintegro sociale con il&#8230;<\/p>\n","protected":false},"author":2,"featured_media":0,"comment_status":"closed","ping_status":"closed","sticky":false,"template":"","format":"standard","meta":[],"categories":[49],"tags":[],"_links":{"self":[{"href":"https:\/\/www.cronacaonline.it\/index.php\/wp-json\/wp\/v2\/posts\/91657"}],"collection":[{"href":"https:\/\/www.cronacaonline.it\/index.php\/wp-json\/wp\/v2\/posts"}],"about":[{"href":"https:\/\/www.cronacaonline.it\/index.php\/wp-json\/wp\/v2\/types\/post"}],"author":[{"embeddable":true,"href":"https:\/\/www.cronacaonline.it\/index.php\/wp-json\/wp\/v2\/users\/2"}],"replies":[{"embeddable":true,"href":"https:\/\/www.cronacaonline.it\/index.php\/wp-json\/wp\/v2\/comments?post=91657"}],"version-history":[{"count":0,"href":"https:\/\/www.cronacaonline.it\/index.php\/wp-json\/wp\/v2\/posts\/91657\/revisions"}],"wp:attachment":[{"href":"https:\/\/www.cronacaonline.it\/index.php\/wp-json\/wp\/v2\/media?parent=91657"}],"wp:term":[{"taxonomy":"category","embeddable":true,"href":"https:\/\/www.cronacaonline.it\/index.php\/wp-json\/wp\/v2\/categories?post=91657"},{"taxonomy":"post_tag","embeddable":true,"href":"https:\/\/www.cronacaonline.it\/index.php\/wp-json\/wp\/v2\/tags?post=91657"}],"curies":[{"name":"wp","href":"https:\/\/api.w.org\/{rel}","templated":true}]}}