{"id":91628,"date":"2012-11-22T15:14:04","date_gmt":"2012-11-22T14:14:04","guid":{"rendered":"http:\/\/www.cronacaonline.it\/public\/content\/index.php\/22\/11\/2012\/pregiudicato-deve-scontare-oltre-otto-anni-di-carcere-arrestato-dai-carabinieri-per-tentato-omicidio"},"modified":"2012-11-22T15:14:04","modified_gmt":"2012-11-22T14:14:04","slug":"pregiudicato-deve-scontare-oltre-otto-anni-di-carcere-arrestato-dai-carabinieri-per-tentato-omicidio","status":"publish","type":"post","link":"https:\/\/www.cronacaonline.it\/index.php\/2012\/11\/22\/pregiudicato-deve-scontare-oltre-otto-anni-di-carcere-arrestato-dai-carabinieri-per-tentato-omicidio\/","title":{"rendered":"Pregiudicato deve scontare oltre otto anni di carcere, arrestato dai carabinieri per tentato omicidio."},"content":{"rendered":"<p>Ieri alle ore 15.00 circa, a san Gavino Monreale (Ca), nel corso di un articolato servizio preventivo per il controllo del territorio coordinato dal Comandante la Compagnia dei carabinieri di Villacidro, Cap. Valerio&nbsp; Cadeddu,&nbsp; i militari della Stazione cc di San Gavino&nbsp; hanno arrestato Marzio Fois, 47enne di San Gavino Monreale (ca), ben noto alle forze dell\u2019ordine per i suoi trascorsi giudiziari. <\/p>\n<p>Il fois \u00e8 stato colpito da un provvedimento di arresto a seguito del decreto di sospensione della misura alternativa alla detenzione cui era sottoposto e contestuale prosecuzione della stessa in regime carcerario, come disposto dal Tribunale di Sorveglianza di Cagliari. Quindi l\u2019uomo \u00e8 stato portato in caserma da dove, dopo le formalit\u00e0 di legge \u00e8 stato accompagnato e rinchiuso nel carcere cagliaritano di Buoncammino dove sconter\u00e0 una condanna a due anni, 4 mesi e 8 giorni di reclusione, perch\u00e9 riconosciuto colpevole di tentato omicidio, fatto avvenuto a San Gavino Monreale il 22 febbraio del 2004.<\/p>\n","protected":false},"excerpt":{"rendered":"<p>Ieri alle ore 15.00 circa, a san Gavino Monreale (Ca), nel corso di un articolato servizio preventivo per il controllo del territorio coordinato dal Comandante&#8230;<\/p>\n","protected":false},"author":2,"featured_media":0,"comment_status":"closed","ping_status":"closed","sticky":false,"template":"","format":"standard","meta":[],"categories":[49],"tags":[],"_links":{"self":[{"href":"https:\/\/www.cronacaonline.it\/index.php\/wp-json\/wp\/v2\/posts\/91628"}],"collection":[{"href":"https:\/\/www.cronacaonline.it\/index.php\/wp-json\/wp\/v2\/posts"}],"about":[{"href":"https:\/\/www.cronacaonline.it\/index.php\/wp-json\/wp\/v2\/types\/post"}],"author":[{"embeddable":true,"href":"https:\/\/www.cronacaonline.it\/index.php\/wp-json\/wp\/v2\/users\/2"}],"replies":[{"embeddable":true,"href":"https:\/\/www.cronacaonline.it\/index.php\/wp-json\/wp\/v2\/comments?post=91628"}],"version-history":[{"count":0,"href":"https:\/\/www.cronacaonline.it\/index.php\/wp-json\/wp\/v2\/posts\/91628\/revisions"}],"wp:attachment":[{"href":"https:\/\/www.cronacaonline.it\/index.php\/wp-json\/wp\/v2\/media?parent=91628"}],"wp:term":[{"taxonomy":"category","embeddable":true,"href":"https:\/\/www.cronacaonline.it\/index.php\/wp-json\/wp\/v2\/categories?post=91628"},{"taxonomy":"post_tag","embeddable":true,"href":"https:\/\/www.cronacaonline.it\/index.php\/wp-json\/wp\/v2\/tags?post=91628"}],"curies":[{"name":"wp","href":"https:\/\/api.w.org\/{rel}","templated":true}]}}